{"id":1120,"date":"2022-02-28T21:35:03","date_gmt":"2022-02-28T20:35:03","guid":{"rendered":"https:\/\/clubatletismolanucia.es\/?p=1120"},"modified":"2022-02-28T21:35:45","modified_gmt":"2022-02-28T20:35:45","slug":"arranca-el-circuit-a-peu-marina-alta-para-ander-perez","status":"publish","type":"post","link":"https:\/\/clubatletismolanucia.es\/?p=1120","title":{"rendered":"Arranca el Circuit a Peu Marina Alta para Ander P\u00e9rez"},"content":{"rendered":"<p>El pasado Domingo 27 de Febrero, arranc\u00f3 la primera prueba del <em>Circuit a Peu Marina Alta\u00a0<\/em>donde el atleta popular Ander P\u00e9rez del Club Atletismo La Nucia CAB particip\u00f3 obteniendo muy buenos resultados y muy buena posici\u00f3n siendo esta la forma de puntuar dentro de este circuito de 12 pruebas.<\/p>\n<p>El <em>Circuit a Peu Marina Alta\u00a0<\/em>se corre tradicionalmente por los municipios de la Marina Alta, siendo un total de 12 pruebas de las cuales punt\u00faan 8 pruebas. El circuito estuvo dos a\u00f1os sin llevarse a cabo por la pandemia de la Covid-19, siendo esta la primera vez en celebrarse en la nueva normalidad post-covid. Las pruebas que conjuntan este circuito tiene como distancia entre 9 y 10 km, adem\u00e1s de que hay posibilidad de poderlas correr de forma suelta sin la necesidad de hacerlas todas para puntuar.<\/p>\n<p>El circuito se inaugur\u00f3 en J\u00e1vea (X\u00e1bia), lugar en el cu\u00e1l se concentraron m\u00e1s de 1400 runners con la finalidad de puntuar en las 8 pruebas, siendo esta de 10km. Entre ellos estuvo Ander P\u00e9rez, qui\u00e9n termin\u00f3 la prueba 19\u00ba general y 9\u00ba senior, con un tiempo de 34:42.<\/p>\n<blockquote><p>\u00abAmbientazo, nivelazo y en lo personal tiempazo\u00bb; es como nos describe Ander su participaci\u00f3n en la primera carrera puntuable del <em>Circuit a Peu Marina Alta.<\/em><\/p><\/blockquote>\n<p>La pr\u00f3xima prueba de este circuito se dar\u00e1 en Calpe, el 6 de Marzo, hasta entonces solo toca descansar de la resaca del domingo y ya con la mirada puesta en Calpe.<\/p>\n","protected":false},"excerpt":{"rendered":"<p>El pasado Domingo 27 de Febrero, arranc\u00f3 la primera prueba del Circuit a Peu Marina Alta\u00a0donde el atleta popular Ander [&hellip;]<\/p>\n","protected":false},"author":2,"featured_media":1121,"comment_status":"open","ping_status":"open","sticky":false,"template":"","format":"standard","meta":{"site-sidebar-layout":"default","site-content-layout":"","ast-site-content-layout":"default","site-content-style":"default","site-sidebar-style":"default","ast-global-header-display":"","ast-banner-title-visibility":"","ast-main-header-display":"","ast-hfb-above-header-display":"","ast-hfb-below-header-display":"","ast-hfb-mobile-header-display":"","site-post-title":"","ast-breadcrumbs-content":"","ast-featured-img":"","footer-sml-layout":"","ast-disable-related-posts":"","theme-transparent-header-meta":"","adv-header-id-meta":"","stick-header-meta":"","header-above-stick-meta":"","header-main-stick-meta":"","header-below-stick-meta":"","astra-migrate-meta-layouts":"default","ast-page-background-enabled":"default","ast-page-background-meta":{"desktop":{"background-color":"var(--ast-global-color-5)","background-image":"","background-repeat":"repeat","background-position":"center center","background-size":"auto","background-attachment":"scroll","background-type":"","background-media":"","overlay-type":"","overlay-color":"","overlay-opacity":"","overlay-gradient":""},"tablet":{"background-color":"","background-image":"","background-repeat":"repeat","background-position":"center center","background-size":"auto","background-attachment":"scroll","background-type":"","background-media":"","overlay-type":"","overlay-color":"","overlay-opacity":"","overlay-gradient":""},"mobile":{"background-color":"","background-image":"","background-repeat":"repeat","background-position":"center center","background-size":"auto","background-attachment":"scroll","background-type":"","background-media":"","overlay-type":"","overlay-color":"","overlay-opacity":"","overlay-gradient":""}},"ast-content-background-meta":{"desktop":{"background-color":"var(--ast-global-color-4)","background-image":"","background-repeat":"repeat","background-position":"center center","background-size":"auto","background-attachment":"scroll","background-type":"","background-media":"","overlay-type":"","overlay-color":"","overlay-opacity":"","overlay-gradient":""},"tablet":{"background-color":"var(--ast-global-color-4)","background-image":"","background-repeat":"repeat","background-position":"center center","background-size":"auto","background-attachment":"scroll","background-type":"","background-media":"","overlay-type":"","overlay-color":"","overlay-opacity":"","overlay-gradient":""},"mobile":{"background-color":"var(--ast-global-color-4)","background-image":"","background-repeat":"repeat","background-position":"center center","background-size":"auto","background-attachment":"scroll","background-type":"","background-media":"","overlay-type":"","overlay-color":"","overlay-opacity":"","overlay-gradient":""}},"footnotes":""},"categories":[3],"tags":[],"class_list":["post-1120","post","type-post","status-publish","format-standard","has-post-thumbnail","hentry","category-noticias"],"_links":{"self":[{"href":"https:\/\/clubatletismolanucia.es\/index.php?rest_route=\/wp\/v2\/posts\/1120","targetHints":{"allow":["GET"]}}],"collection":[{"href":"https:\/\/clubatletismolanucia.es\/index.php?rest_route=\/wp\/v2\/posts"}],"about":[{"href":"https:\/\/clubatletismolanucia.es\/index.php?rest_route=\/wp\/v2\/types\/post"}],"author":[{"embeddable":true,"href":"https:\/\/clubatletismolanucia.es\/index.php?rest_route=\/wp\/v2\/users\/2"}],"replies":[{"embeddable":true,"href":"https:\/\/clubatletismolanucia.es\/index.php?rest_route=%2Fwp%2Fv2%2Fcomments&post=1120"}],"version-history":[{"count":2,"href":"https:\/\/clubatletismolanucia.es\/index.php?rest_route=\/wp\/v2\/posts\/1120\/revisions"}],"predecessor-version":[{"id":1123,"href":"https:\/\/clubatletismolanucia.es\/index.php?rest_route=\/wp\/v2\/posts\/1120\/revisions\/1123"}],"wp:featuredmedia":[{"embeddable":true,"href":"https:\/\/clubatletismolanucia.es\/index.php?rest_route=\/wp\/v2\/media\/1121"}],"wp:attachment":[{"href":"https:\/\/clubatletismolanucia.es\/index.php?rest_route=%2Fwp%2Fv2%2Fmedia&parent=1120"}],"wp:term":[{"taxonomy":"category","embeddable":true,"href":"https:\/\/clubatletismolanucia.es\/index.php?rest_route=%2Fwp%2Fv2%2Fcategories&post=1120"},{"taxonomy":"post_tag","embeddable":true,"href":"https:\/\/clubatletismolanucia.es\/index.php?rest_route=%2Fwp%2Fv2%2Ftags&post=1120"}],"curies":[{"name":"wp","href":"https:\/\/api.w.org\/{rel}","templated":true}]}}