{"id":136,"date":"2021-03-11T11:05:48","date_gmt":"2021-03-11T10:05:48","guid":{"rendered":"https:\/\/clubatletismolanucia.es\/?p=136"},"modified":"2021-05-05T08:47:10","modified_gmt":"2021-05-05T07:47:10","slug":"los-atletas-nucieros-rindieron-a-gran-nivel-en-el-criterium-autonomico-sub-18-en-el-estadi","status":"publish","type":"post","link":"https:\/\/clubatletismolanucia.es\/?p=136","title":{"rendered":"Los atletas nucieros rindieron a gran nivel en el \u00abCriterium Auton\u00f3mico sub-18\u00bb en el Estadi"},"content":{"rendered":"<p><strong>Los atletas nucieros Luc\u00eda Ivorra, Elisabeth Hunt, Julian Rene Bestesen, Lucas Bizzotto y Aaron Corcoles<\/strong>\u00a0<em>compitieron a un gran nivel en el \u201cCriterium Aut\u00f3nomico Sub 18 de Carreras PC\u201d\u00a0<\/em>de Atletismo, en el<strong>\u00a0Estadi Ol\u00edmpic Camilo<\/strong>\u00a0<strong>Cano\u00a0<\/strong>de La Nuc\u00eda. Los corredores del Club Atletismo La Nuc\u00eda- CAB compet\u00edan en casa, contra rivales de toda la Comunidad Valenciana.<\/p>\n<p><strong>El \u201cCriterium Aut\u00f3nomico Sub 18 de Carreras\u201d se desarroll\u00f3 el pasado s\u00e1bado 6 de marzo por la tarde en el Estadi Ol\u00edmpic Camilo Cano de La Nuc\u00eda.<\/strong>\u00a0Prueba que\u00a0<strong>cont\u00f3 con m\u00e1s de 130 participantes de Clubs de toda la Comunidad Valenciana, que compitieron de forma escalonada, para cumplir todo el protocolo y medidas sanitarias establecidas.<\/strong><br \/>\n<strong>\u00a0Esta competici\u00f3n de la Federaci\u00f3n de Atletismo de la Comunidad Valenciana fue organizada\u00a0<\/strong>por el Club de Atletismo La Nuc\u00eda- C.A.B con el apoyo de la concejal\u00eda de Deportes del Ayuntamiento de La Nuc\u00eda, Turismo Deportivo Comunitat Valenciana, Grupo Brotons y Coca Cola.<\/p>\n<p><strong>Atletas nucieros<\/strong><br \/>\n<strong>Tras varios meses de par\u00f3n por las restricciones la competici\u00f3n volvi\u00f3 el pasado s\u00e1bado a la pista de atletismo del Estadi Ol\u00edmpic de La Nuc\u00eda con el \u201cCriterium Auton\u00f3mico sub 18 de carreras\u201d.\u00a0<\/strong>\u00a0<strong>Los atletas nucieros del Club de Atletismo rindieron a un gran nivel\u00a0<\/strong>en una prueba sin p\u00fablico. En los 60 metros lisos\u00a0<strong>Elizabeth Hunt<\/strong>\u00a0hizo 8.55 y\u00a0<strong>Luc\u00eda Ivorra\u00a0<\/strong>8.67. En categor\u00eda masculina<strong>\u00a0Julian Rene Bestesen\u00a0<\/strong>hizo 7.31 en los 60 metros lisos y 8.74 en los 60 metros vallas.\u00a0<strong>Lucas Bizzotto\u00a0<\/strong>par\u00f3 el crono en 24.02 en los 200 metros lisos mientras\u00a0<strong>Aaron C\u00f3rcoles<\/strong>\u00a0hizo 4:48.38 en los 1.500 metros, obteniendo la segunda mejor marca del Criterium.<\/p>\n<p><strong>Pruebas<\/strong><br \/>\nDurante una intensa tarde en el Estadi Ol\u00edmpic Camilo Cano se disputaron en categor\u00eda masculina y femenina las siguientes pruebas:\u00a0<em>60 metros, 60 metros vallas, 200 metros, 400 metros, 800 metros, 1.500 metros y 3.000 metros.<\/em>\u00a0S\u00f3lo podr\u00e1n participar en este \u201cCriterium Auton\u00f3mico sub18 de Carreras\u201d atletas de las Comunidad Valenciana: Alicante, Valencia y Castell\u00f3n.\u00a0<strong>Era una prueba oficial de la Federaci\u00f3n de Atletismo de la Comunidad Valenciana (FACV) por ello contar\u00e1 con Jueces FACV.<\/strong><\/p>\n<p><strong>Medidas Anti-COVID<\/strong><br \/>\n<strong>Este evento cumpli\u00f3 la normativa y protocolos internos anti COVID-19, establecidos por la Generalitat Valenciana para garantizar un<em>\u00a0\u201cespacio deportivo seguro\u201d<\/em>.<\/strong>\u00a0Exist\u00f3 la figura del delegado COVID, para hacer cumplir la normativa y qued\u00f3 prohibida la asistencia de p\u00fablico. De hecho no entraron todos los atletas en la instalaci\u00f3n a la vez sino por turnos y se retiraban de la instalaci\u00f3n, una vez finalizada su competici\u00f3n.<\/p>\n<p><img loading=\"lazy\" decoding=\"async\" class=\"alignnone size-medium wp-image-141\" src=\"https:\/\/clubatletismolanucia.es\/wp-content\/uploads\/2021\/04\/la-nucia-eolimpic-criterium-aut-6-2021-200x300.jpg\" alt=\"\" width=\"200\" height=\"300\" srcset=\"https:\/\/clubatletismolanucia.es\/wp-content\/uploads\/2021\/04\/la-nucia-eolimpic-criterium-aut-6-2021-200x300.jpg 200w, https:\/\/clubatletismolanucia.es\/wp-content\/uploads\/2021\/04\/la-nucia-eolimpic-criterium-aut-6-2021-682x1024.jpg 682w, https:\/\/clubatletismolanucia.es\/wp-content\/uploads\/2021\/04\/la-nucia-eolimpic-criterium-aut-6-2021.jpg 699w\" sizes=\"auto, (max-width: 200px) 100vw, 200px\" \/> <img loading=\"lazy\" decoding=\"async\" class=\"alignnone size-medium wp-image-140\" src=\"https:\/\/clubatletismolanucia.es\/wp-content\/uploads\/2021\/04\/la-nucia-eolimpic-criterium-aut-5-2021-200x300.jpg\" alt=\"\" width=\"200\" height=\"300\" srcset=\"https:\/\/clubatletismolanucia.es\/wp-content\/uploads\/2021\/04\/la-nucia-eolimpic-criterium-aut-5-2021-200x300.jpg 200w, https:\/\/clubatletismolanucia.es\/wp-content\/uploads\/2021\/04\/la-nucia-eolimpic-criterium-aut-5-2021-682x1024.jpg 682w, https:\/\/clubatletismolanucia.es\/wp-content\/uploads\/2021\/04\/la-nucia-eolimpic-criterium-aut-5-2021.jpg 699w\" sizes=\"auto, (max-width: 200px) 100vw, 200px\" \/> <img loading=\"lazy\" decoding=\"async\" class=\"alignnone size-medium wp-image-139\" src=\"https:\/\/clubatletismolanucia.es\/wp-content\/uploads\/2021\/04\/la-nucia-eolimpic-criterium-aut-4-2021-204x300.jpg\" alt=\"\" width=\"204\" height=\"300\" srcset=\"https:\/\/clubatletismolanucia.es\/wp-content\/uploads\/2021\/04\/la-nucia-eolimpic-criterium-aut-4-2021-204x300.jpg 204w, https:\/\/clubatletismolanucia.es\/wp-content\/uploads\/2021\/04\/la-nucia-eolimpic-criterium-aut-4-2021-697x1024.jpg 697w, https:\/\/clubatletismolanucia.es\/wp-content\/uploads\/2021\/04\/la-nucia-eolimpic-criterium-aut-4-2021.jpg 715w\" sizes=\"auto, (max-width: 204px) 100vw, 204px\" \/> <img loading=\"lazy\" decoding=\"async\" class=\"alignnone size-medium wp-image-138\" src=\"https:\/\/clubatletismolanucia.es\/wp-content\/uploads\/2021\/04\/la-nucia-eolimpic-criterium-aut-3-2021-200x300.jpg\" alt=\"\" width=\"200\" height=\"300\" \/><\/p>\n","protected":false},"excerpt":{"rendered":"<p>Los atletas nucieros Luc\u00eda Ivorra, Elisabeth Hunt, Julian Rene Bestesen, Lucas Bizzotto y Aaron Corcoles\u00a0compitieron a un gran nivel en [&hellip;]<\/p>\n","protected":false},"author":1,"featured_media":137,"comment_status":"open","ping_status":"open","sticky":false,"template":"","format":"standard","meta":{"site-sidebar-layout":"default","site-content-layout":"","ast-site-content-layout":"default","site-content-style":"default","site-sidebar-style":"default","ast-global-header-display":"","ast-banner-title-visibility":"","ast-main-header-display":"","ast-hfb-above-header-display":"","ast-hfb-below-header-display":"","ast-hfb-mobile-header-display":"","site-post-title":"","ast-breadcrumbs-content":"","ast-featured-img":"","footer-sml-layout":"","ast-disable-related-posts":"","theme-transparent-header-meta":"","adv-header-id-meta":"","stick-header-meta":"","header-above-stick-meta":"","header-main-stick-meta":"","header-below-stick-meta":"","astra-migrate-meta-layouts":"default","ast-page-background-enabled":"default","ast-page-background-meta":{"desktop":{"background-color":"var(--ast-global-color-5)","background-image":"","background-repeat":"repeat","background-position":"center center","background-size":"auto","background-attachment":"scroll","background-type":"","background-media":"","overlay-type":"","overlay-color":"","overlay-opacity":"","overlay-gradient":""},"tablet":{"background-color":"","background-image":"","background-repeat":"repeat","background-position":"center center","background-size":"auto","background-attachment":"scroll","background-type":"","background-media":"","overlay-type":"","overlay-color":"","overlay-opacity":"","overlay-gradient":""},"mobile":{"background-color":"","background-image":"","background-repeat":"repeat","background-position":"center center","background-size":"auto","background-attachment":"scroll","background-type":"","background-media":"","overlay-type":"","overlay-color":"","overlay-opacity":"","overlay-gradient":""}},"ast-content-background-meta":{"desktop":{"background-color":"var(--ast-global-color-4)","background-image":"","background-repeat":"repeat","background-position":"center center","background-size":"auto","background-attachment":"scroll","background-type":"","background-media":"","overlay-type":"","overlay-color":"","overlay-opacity":"","overlay-gradient":""},"tablet":{"background-color":"var(--ast-global-color-4)","background-image":"","background-repeat":"repeat","background-position":"center center","background-size":"auto","background-attachment":"scroll","background-type":"","background-media":"","overlay-type":"","overlay-color":"","overlay-opacity":"","overlay-gradient":""},"mobile":{"background-color":"var(--ast-global-color-4)","background-image":"","background-repeat":"repeat","background-position":"center center","background-size":"auto","background-attachment":"scroll","background-type":"","background-media":"","overlay-type":"","overlay-color":"","overlay-opacity":"","overlay-gradient":""}},"footnotes":""},"categories":[3],"tags":[],"class_list":["post-136","post","type-post","status-publish","format-standard","has-post-thumbnail","hentry","category-noticias"],"_links":{"self":[{"href":"https:\/\/clubatletismolanucia.es\/index.php?rest_route=\/wp\/v2\/posts\/136","targetHints":{"allow":["GET"]}}],"collection":[{"href":"https:\/\/clubatletismolanucia.es\/index.php?rest_route=\/wp\/v2\/posts"}],"about":[{"href":"https:\/\/clubatletismolanucia.es\/index.php?rest_route=\/wp\/v2\/types\/post"}],"author":[{"embeddable":true,"href":"https:\/\/clubatletismolanucia.es\/index.php?rest_route=\/wp\/v2\/users\/1"}],"replies":[{"embeddable":true,"href":"https:\/\/clubatletismolanucia.es\/index.php?rest_route=%2Fwp%2Fv2%2Fcomments&post=136"}],"version-history":[{"count":1,"href":"https:\/\/clubatletismolanucia.es\/index.php?rest_route=\/wp\/v2\/posts\/136\/revisions"}],"predecessor-version":[{"id":142,"href":"https:\/\/clubatletismolanucia.es\/index.php?rest_route=\/wp\/v2\/posts\/136\/revisions\/142"}],"wp:featuredmedia":[{"embeddable":true,"href":"https:\/\/clubatletismolanucia.es\/index.php?rest_route=\/wp\/v2\/media\/137"}],"wp:attachment":[{"href":"https:\/\/clubatletismolanucia.es\/index.php?rest_route=%2Fwp%2Fv2%2Fmedia&parent=136"}],"wp:term":[{"taxonomy":"category","embeddable":true,"href":"https:\/\/clubatletismolanucia.es\/index.php?rest_route=%2Fwp%2Fv2%2Fcategories&post=136"},{"taxonomy":"post_tag","embeddable":true,"href":"https:\/\/clubatletismolanucia.es\/index.php?rest_route=%2Fwp%2Fv2%2Ftags&post=136"}],"curies":[{"name":"wp","href":"https:\/\/api.w.org\/{rel}","templated":true}]}}