{"id":143,"date":"2021-02-02T11:14:19","date_gmt":"2021-02-02T10:14:19","guid":{"rendered":"https:\/\/clubatletismolanucia.es\/?p=143"},"modified":"2021-04-03T11:15:27","modified_gmt":"2021-04-03T10:15:27","slug":"el-club-atletismo-la-nucia-suma-a-su-proyecto-al-club-atletismo-benacantil","status":"publish","type":"post","link":"https:\/\/clubatletismolanucia.es\/?p=143","title":{"rendered":"El Club Atletismo La Nuc\u00eda suma a su proyecto al Club Atletismo Benacantil"},"content":{"rendered":"<p><strong>En 2021 el\u00a0<a title=\"Facebook Club Atletismo\" href=\"https:\/\/www.facebook.com\/clubatletismolanucia\/\" target=\"_blank\" rel=\"noopener\">Club de Atletismo La Nuc\u00eda<\/a>\u00a0pasa a denominarse Club de Atletismo La Nuc\u00eda\u2013 C.A.B.,<\/strong><strong>\u00a0tras sumarse a su proyecto deportivo el Club Atletismo Benacantil (CAB) de Alicante<\/strong>, club m\u00e1s laureado de la provincia con 25 entorchados nacionales.\u00a0 Esto har\u00e1 que el club nuciero crezca en n\u00fameros de atletas 100 y categor\u00eda al pasar a competir en la 1\u00aa Divisi\u00f3n M\u00e1ster a nivel nacional.<strong>\u00a0Los atletas con las nuevas siglas del Club de Atletismo La Nuc\u00eda-CAB debutar\u00e1n en competici\u00f3n este s\u00e1bado 20 de febrero en Alhama de Murcia en un \u201cControl Nacional sub 20 y absoluto\u201d,<\/strong>\u00a0tras tener los permisos pertinentes para poder desplazarse.<\/p>\n<p>A pesar de la pandemia y la complicada situaci\u00f3n actual\u00a0<strong>el Club de Atletismo de La Nuc\u00eda sigue creciendo tanto en la base con una Escuela de Atletismo con m\u00e1s de 100 alumn@s<\/strong>\u00a0(parada ahora por las restricciones de la pandemia)\u00a0<strong>y con un din\u00e1mico Club de Atletismo con m\u00e1s de 100 atletas, entre ellos los deportistas del Club Atletismo Benacantil Alicante, que se han sumado al proyecto deportivo del Club Atletismo La Nuc\u00eda<\/strong>. El Club Atletismo Benacantil ha sido el\u00a0<strong>club m\u00e1s laureado y destacado de la provincia\u00a0<\/strong>sumando 13 t\u00edtulos nacionales en pista al aire libre.\u00a0<strong>Por lo tanto supone un\u00a0<em>\u201csalto de calidad\u201d<\/em>\u00a0para el Club de Atletismo La Nuc\u00eda-CAB para seguir creciendo.<\/strong><\/p>\n<p><strong>1\u00aa Divisi\u00f3n M\u00e1ster<\/strong><br \/>\n<strong>El Club Atletismo Benacantil (CAB) de Alicante estaba en 1\u00aa Divisi\u00f3n M\u00e1ster (mayores de 35 a\u00f1os) a nivel nacional.<\/strong>\u00a0<strong>Al integrarse esta entidad en el Club de Atletismo La Nuc\u00eda- CAB, a partir de este a\u00f1o el club nuciero podr\u00e1 competir en la 1\u00aa Divisi\u00f3n M\u00e1ster nacional por primera vez en su historia.<\/strong>\u00a0Todo un est\u00edmulo para sus atletas.<\/p>\n<p><strong>Club m\u00e1s laureado<\/strong><br \/>\n<strong>El Club Atletismo Benacantil ha sido el club m\u00e1s laureado y destacado de la historia del Atletismo alicantino sumando 13 t\u00edtulos nacionales de equipos en pista Aire Libre, 12 t\u00edtulos nacionales en Pista Cubierta, 6 t\u00edtulos nacionales en Cross<\/strong>. Adem\u00e1s de innumerables\u00a0<strong>distinciones en el \u00e1mbito Auton\u00f3mico y Provincial\u00a0<\/strong>incluyendo 4 veces el premio de la Diputaci\u00f3n provincial al mejor club deportivo de Alicante, 3 veces el premio de mejor club del Ayuntamiento de Alicante y la distinci\u00f3n de mejor club deportivo de la Comunidad Valenciana en 2011.\u00a0<strong>El Club Atletismo Benacantil, como indica su slogan fundacional, siempre ha sido\u00a0<em>\u201cUn Club por y para los Atletas\u201d<\/em>, y fue fundado en 1976<\/strong>. Ha tenido varias denominaciones como el\u00a0 Club Atletismo H\u00e9rcules- Benacantil, con la que consigui\u00f3 el hist\u00f3rico ascenso a Primera Divisi\u00f3n Nacional en 1980, hito que no ha logrado ning\u00fan otro club alicantino.<br \/>\n<strong>Un prestigioso club que se integra en la estructura deportiva de Club de Atletismo La Nuc\u00eda, que pasa a denominarse a partir de 2021 en Club de Atletismo La Nuc\u00eda \u2013 CAB. Una nueva etapa para sumar sinergias, atletas y\u00a0<em>\u201cpasi\u00f3n por el atletismo\u201d.<\/em><\/strong><\/p>\n<p><strong>Competici\u00f3n en Alhama de Murcia<\/strong><br \/>\n<strong>Este s\u00e1bado 20 de febrero 7 atletas del Club Atletismo La Nuc\u00eda- C.A.B se desplazar\u00e1n hasta la localidad de Alhama de Murcia para participar en un\u00a0<em>\u201cControl Nacional Sub 20 y Absoluto (sub 16 A ABS)<\/em><\/strong><em>\u201d<\/em>, organizado por la Federaci\u00f3n de Atletismo de Murcia. Ser\u00e1 la primera prueba en la que los atletas luzcan las nuevas equipaciones con las siglas de Club Atletismo La Nuc\u00eda- CAB.\u00a0<strong>Para poder competir los atletas ha recibido el permiso y autorizaciones pertinentes,<\/strong>\u00a0al ser una prueba del calendario nacional.<\/p>\n<p><img loading=\"lazy\" decoding=\"async\" class=\"alignnone size-medium wp-image-147\" src=\"https:\/\/clubatletismolanucia.es\/wp-content\/uploads\/2021\/04\/la-nucia-logo-club-atletismo-2021-270x300.png\" alt=\"\" width=\"270\" height=\"300\" srcset=\"https:\/\/clubatletismolanucia.es\/wp-content\/uploads\/2021\/04\/la-nucia-logo-club-atletismo-2021-270x300.png 270w, https:\/\/clubatletismolanucia.es\/wp-content\/uploads\/2021\/04\/la-nucia-logo-club-atletismo-2021.png 300w\" sizes=\"auto, (max-width: 270px) 100vw, 270px\" \/> <img loading=\"lazy\" decoding=\"async\" class=\"alignnone size-medium wp-image-145\" src=\"https:\/\/clubatletismolanucia.es\/wp-content\/uploads\/2021\/04\/la-nucia-ca-equipacion-2-2021-169x300.jpg\" alt=\"\" width=\"169\" height=\"300\" srcset=\"https:\/\/clubatletismolanucia.es\/wp-content\/uploads\/2021\/04\/la-nucia-ca-equipacion-2-2021-169x300.jpg 169w, https:\/\/clubatletismolanucia.es\/wp-content\/uploads\/2021\/04\/la-nucia-ca-equipacion-2-2021.jpg 300w\" sizes=\"auto, (max-width: 169px) 100vw, 169px\" \/> <img loading=\"lazy\" decoding=\"async\" class=\"alignnone size-medium wp-image-144\" src=\"https:\/\/clubatletismolanucia.es\/wp-content\/uploads\/2021\/04\/la-nucia-ca-equipacion-1-2021-169x300.jpg\" alt=\"\" width=\"169\" height=\"300\" srcset=\"https:\/\/clubatletismolanucia.es\/wp-content\/uploads\/2021\/04\/la-nucia-ca-equipacion-1-2021-169x300.jpg 169w, https:\/\/clubatletismolanucia.es\/wp-content\/uploads\/2021\/04\/la-nucia-ca-equipacion-1-2021.jpg 300w\" sizes=\"auto, (max-width: 169px) 100vw, 169px\" \/><\/p>\n","protected":false},"excerpt":{"rendered":"<p>En 2021 el\u00a0Club de Atletismo La Nuc\u00eda\u00a0pasa a denominarse Club de Atletismo La Nuc\u00eda\u2013 C.A.B.,\u00a0tras sumarse a su proyecto deportivo [&hellip;]<\/p>\n","protected":false},"author":1,"featured_media":146,"comment_status":"open","ping_status":"open","sticky":false,"template":"","format":"standard","meta":{"site-sidebar-layout":"default","site-content-layout":"","ast-site-content-layout":"default","site-content-style":"default","site-sidebar-style":"default","ast-global-header-display":"","ast-banner-title-visibility":"","ast-main-header-display":"","ast-hfb-above-header-display":"","ast-hfb-below-header-display":"","ast-hfb-mobile-header-display":"","site-post-title":"","ast-breadcrumbs-content":"","ast-featured-img":"","footer-sml-layout":"","ast-disable-related-posts":"","theme-transparent-header-meta":"","adv-header-id-meta":"","stick-header-meta":"","header-above-stick-meta":"","header-main-stick-meta":"","header-below-stick-meta":"","astra-migrate-meta-layouts":"default","ast-page-background-enabled":"default","ast-page-background-meta":{"desktop":{"background-color":"var(--ast-global-color-5)","background-image":"","background-repeat":"repeat","background-position":"center center","background-size":"auto","background-attachment":"scroll","background-type":"","background-media":"","overlay-type":"","overlay-color":"","overlay-opacity":"","overlay-gradient":""},"tablet":{"background-color":"","background-image":"","background-repeat":"repeat","background-position":"center center","background-size":"auto","background-attachment":"scroll","background-type":"","background-media":"","overlay-type":"","overlay-color":"","overlay-opacity":"","overlay-gradient":""},"mobile":{"background-color":"","background-image":"","background-repeat":"repeat","background-position":"center center","background-size":"auto","background-attachment":"scroll","background-type":"","background-media":"","overlay-type":"","overlay-color":"","overlay-opacity":"","overlay-gradient":""}},"ast-content-background-meta":{"desktop":{"background-color":"var(--ast-global-color-4)","background-image":"","background-repeat":"repeat","background-position":"center center","background-size":"auto","background-attachment":"scroll","background-type":"","background-media":"","overlay-type":"","overlay-color":"","overlay-opacity":"","overlay-gradient":""},"tablet":{"background-color":"var(--ast-global-color-4)","background-image":"","background-repeat":"repeat","background-position":"center center","background-size":"auto","background-attachment":"scroll","background-type":"","background-media":"","overlay-type":"","overlay-color":"","overlay-opacity":"","overlay-gradient":""},"mobile":{"background-color":"var(--ast-global-color-4)","background-image":"","background-repeat":"repeat","background-position":"center center","background-size":"auto","background-attachment":"scroll","background-type":"","background-media":"","overlay-type":"","overlay-color":"","overlay-opacity":"","overlay-gradient":""}},"footnotes":""},"categories":[3],"tags":[],"class_list":["post-143","post","type-post","status-publish","format-standard","has-post-thumbnail","hentry","category-noticias"],"_links":{"self":[{"href":"https:\/\/clubatletismolanucia.es\/index.php?rest_route=\/wp\/v2\/posts\/143","targetHints":{"allow":["GET"]}}],"collection":[{"href":"https:\/\/clubatletismolanucia.es\/index.php?rest_route=\/wp\/v2\/posts"}],"about":[{"href":"https:\/\/clubatletismolanucia.es\/index.php?rest_route=\/wp\/v2\/types\/post"}],"author":[{"embeddable":true,"href":"https:\/\/clubatletismolanucia.es\/index.php?rest_route=\/wp\/v2\/users\/1"}],"replies":[{"embeddable":true,"href":"https:\/\/clubatletismolanucia.es\/index.php?rest_route=%2Fwp%2Fv2%2Fcomments&post=143"}],"version-history":[{"count":1,"href":"https:\/\/clubatletismolanucia.es\/index.php?rest_route=\/wp\/v2\/posts\/143\/revisions"}],"predecessor-version":[{"id":148,"href":"https:\/\/clubatletismolanucia.es\/index.php?rest_route=\/wp\/v2\/posts\/143\/revisions\/148"}],"wp:featuredmedia":[{"embeddable":true,"href":"https:\/\/clubatletismolanucia.es\/index.php?rest_route=\/wp\/v2\/media\/146"}],"wp:attachment":[{"href":"https:\/\/clubatletismolanucia.es\/index.php?rest_route=%2Fwp%2Fv2%2Fmedia&parent=143"}],"wp:term":[{"taxonomy":"category","embeddable":true,"href":"https:\/\/clubatletismolanucia.es\/index.php?rest_route=%2Fwp%2Fv2%2Fcategories&post=143"},{"taxonomy":"post_tag","embeddable":true,"href":"https:\/\/clubatletismolanucia.es\/index.php?rest_route=%2Fwp%2Fv2%2Ftags&post=143"}],"curies":[{"name":"wp","href":"https:\/\/api.w.org\/{rel}","templated":true}]}}