{"id":1949,"date":"2022-07-19T19:58:07","date_gmt":"2022-07-19T18:58:07","guid":{"rendered":"https:\/\/clubatletismolanucia.es\/?p=1949"},"modified":"2022-07-21T19:58:48","modified_gmt":"2022-07-21T18:58:48","slug":"julian-y-luca-participaron-en-el-nacional-sub-20","status":"publish","type":"post","link":"https:\/\/clubatletismolanucia.es\/?p=1949","title":{"rendered":"Julian y Luca participaron en el nacional Sub 20"},"content":{"rendered":"<p>El pasado fin de semana se llev\u00f3 a cabo en Torrent el Campeonato de Espa\u00f1a Sub 20, donde dos atletas nucieros participaron en las pruebas de 110 metros vallas y 200 metros. Ambos atletas acompa\u00f1ados por la entrenadora y exatleta bicampeona ol\u00edmpica, Ludmila Engquist.<\/p>\n<p><em><strong>Previa<\/strong><\/em><\/p>\n<p>Julian Rene, atleta vallista y Luca Bizzotto, atleta velocista, consiguieron clasificarse para el nacional donde Rene entr\u00f3 por m\u00ednima y Bizzotto por ranking. Ambos atletas arrasraban entrenamientos de calidad, aunque, Luca tuvo que hacer un sobre esfuerzo constante a causa de la doble lesi\u00f3n que le dej\u00f3 sin poder competir en la temporada de pista cubierta. Ya a comienzos de la temporada de pista al aire libre, todos los entrenamientos c0omenzaron a dar fruto, consiguiendo marcas perosnal. A su vez, Julian Rene, tambi\u00e9n tuvo una muy buena temporada de pista al aire libre y de la pasada temporada de pista cubierta; obteniendo medallas y muy buenas posiciones a nivel auton\u00f3mico.&nbsp;<\/p>\n<p><em><strong>Transcurso del nacional<\/strong><\/em><\/p>\n<p>Durante la ma\u00f1ana del s\u00e1bado, Julian no sali\u00f3 a la carrera por una lesi\u00f3n sufrida durante el entrenamiento. Esto se debi\u00f3 por una molestia que arrastraba desde hace varios dias en los entrenamientos. Pasando a Luca, este fue con muchas ganas e ilusi\u00f3n ya que se trat\u00f3 del primer nacional para \u00e9l. Obtuvo la 8\u00aa posici\u00f3n con una marca de 23.31 segundos.&nbsp;<\/p>\n<p>&nbsp;<\/p>\n","protected":false},"excerpt":{"rendered":"<p>El pasado fin de semana se llev\u00f3 a cabo en Torrent el Campeonato de Espa\u00f1a Sub 20, donde dos atletas [&hellip;]<\/p>\n","protected":false},"author":2,"featured_media":1950,"comment_status":"open","ping_status":"open","sticky":false,"template":"","format":"standard","meta":{"site-sidebar-layout":"default","site-content-layout":"","ast-site-content-layout":"default","site-content-style":"default","site-sidebar-style":"default","ast-global-header-display":"","ast-banner-title-visibility":"","ast-main-header-display":"","ast-hfb-above-header-display":"","ast-hfb-below-header-display":"","ast-hfb-mobile-header-display":"","site-post-title":"","ast-breadcrumbs-content":"","ast-featured-img":"","footer-sml-layout":"","ast-disable-related-posts":"","theme-transparent-header-meta":"","adv-header-id-meta":"","stick-header-meta":"","header-above-stick-meta":"","header-main-stick-meta":"","header-below-stick-meta":"","astra-migrate-meta-layouts":"default","ast-page-background-enabled":"default","ast-page-background-meta":{"desktop":{"background-color":"var(--ast-global-color-5)","background-image":"","background-repeat":"repeat","background-position":"center center","background-size":"auto","background-attachment":"scroll","background-type":"","background-media":"","overlay-type":"","overlay-color":"","overlay-opacity":"","overlay-gradient":""},"tablet":{"background-color":"","background-image":"","background-repeat":"repeat","background-position":"center center","background-size":"auto","background-attachment":"scroll","background-type":"","background-media":"","overlay-type":"","overlay-color":"","overlay-opacity":"","overlay-gradient":""},"mobile":{"background-color":"","background-image":"","background-repeat":"repeat","background-position":"center center","background-size":"auto","background-attachment":"scroll","background-type":"","background-media":"","overlay-type":"","overlay-color":"","overlay-opacity":"","overlay-gradient":""}},"ast-content-background-meta":{"desktop":{"background-color":"var(--ast-global-color-4)","background-image":"","background-repeat":"repeat","background-position":"center center","background-size":"auto","background-attachment":"scroll","background-type":"","background-media":"","overlay-type":"","overlay-color":"","overlay-opacity":"","overlay-gradient":""},"tablet":{"background-color":"var(--ast-global-color-4)","background-image":"","background-repeat":"repeat","background-position":"center center","background-size":"auto","background-attachment":"scroll","background-type":"","background-media":"","overlay-type":"","overlay-color":"","overlay-opacity":"","overlay-gradient":""},"mobile":{"background-color":"var(--ast-global-color-4)","background-image":"","background-repeat":"repeat","background-position":"center center","background-size":"auto","background-attachment":"scroll","background-type":"","background-media":"","overlay-type":"","overlay-color":"","overlay-opacity":"","overlay-gradient":""}},"footnotes":""},"categories":[3],"tags":[],"class_list":["post-1949","post","type-post","status-publish","format-standard","has-post-thumbnail","hentry","category-noticias"],"_links":{"self":[{"href":"https:\/\/clubatletismolanucia.es\/index.php?rest_route=\/wp\/v2\/posts\/1949","targetHints":{"allow":["GET"]}}],"collection":[{"href":"https:\/\/clubatletismolanucia.es\/index.php?rest_route=\/wp\/v2\/posts"}],"about":[{"href":"https:\/\/clubatletismolanucia.es\/index.php?rest_route=\/wp\/v2\/types\/post"}],"author":[{"embeddable":true,"href":"https:\/\/clubatletismolanucia.es\/index.php?rest_route=\/wp\/v2\/users\/2"}],"replies":[{"embeddable":true,"href":"https:\/\/clubatletismolanucia.es\/index.php?rest_route=%2Fwp%2Fv2%2Fcomments&post=1949"}],"version-history":[{"count":1,"href":"https:\/\/clubatletismolanucia.es\/index.php?rest_route=\/wp\/v2\/posts\/1949\/revisions"}],"predecessor-version":[{"id":1951,"href":"https:\/\/clubatletismolanucia.es\/index.php?rest_route=\/wp\/v2\/posts\/1949\/revisions\/1951"}],"wp:featuredmedia":[{"embeddable":true,"href":"https:\/\/clubatletismolanucia.es\/index.php?rest_route=\/wp\/v2\/media\/1950"}],"wp:attachment":[{"href":"https:\/\/clubatletismolanucia.es\/index.php?rest_route=%2Fwp%2Fv2%2Fmedia&parent=1949"}],"wp:term":[{"taxonomy":"category","embeddable":true,"href":"https:\/\/clubatletismolanucia.es\/index.php?rest_route=%2Fwp%2Fv2%2Fcategories&post=1949"},{"taxonomy":"post_tag","embeddable":true,"href":"https:\/\/clubatletismolanucia.es\/index.php?rest_route=%2Fwp%2Fv2%2Ftags&post=1949"}],"curies":[{"name":"wp","href":"https:\/\/api.w.org\/{rel}","templated":true}]}}