{"id":2735,"date":"2023-05-02T19:17:34","date_gmt":"2023-05-02T18:17:34","guid":{"rendered":"https:\/\/clubatletismolanucia.es\/?p=2735"},"modified":"2023-05-02T19:17:34","modified_gmt":"2023-05-02T18:17:34","slug":"sara-mobayed-subcampeona-autonomica-y-consigue-minima-para-el-campeonato-de-espana-de-pruebas-combinadas","status":"publish","type":"post","link":"https:\/\/clubatletismolanucia.es\/?p=2735","title":{"rendered":"Sara Mobayed, subcampeona auton\u00f3mica y consigue m\u00ednima para el Campeonato de Espa\u00f1a de pruebas combinadas"},"content":{"rendered":"<p class=\"p1\">Sara Mobayed se proclam\u00f3 subcampeona auton\u00f3mica de pruebas combinadas, el pasado fin de semana, obteniendo 4443 puntos y m\u00ednima para el Campeonato de Espa\u00f1a Sub 18 AL que se celebrar\u00e1 en Gij\u00f3n, Asturias; el pr\u00f3ximo 26 de Junio.<\/p>\n<p class=\"p1\">Sara, junto a su entrenador Ventsislav Koychev, han culminado una de los cert\u00e1menes de pruebas auton\u00f3micas, batiendo varias marcas personales y obteniendo la ansiosa m\u00ednima para el nacional (recientemente publicadas). Mobayed, destac\u00f3 en varias pruebas, siendo el 100 metros vallas, primera prueba y segunda posici\u00f3n; 200 metros, tambi\u00e9n segunda posici\u00f3n; longitud con otra segunda posici\u00f3n, lanzamiento de jabalina, segunda posici\u00f3n y el 800 metros con una primera posici\u00f3n.<\/p>\n<p class=\"p1\">La combinera de Koychev se midi\u00f3 con atletas de Castell\u00f3n (Playas de Castell\u00f3n) Valencia (Sprint Moncada) y Alicante (Sant Joan, Dianium y Puerto Torrevieja); y ella, representando los colores y escudo nuciero.<\/p>\n<p class=\"p1\">Sara Moabyed continuar\u00e1 entrenando y mejorando aquellas pruebas que le costaron mas, sin dejar de acudir a mas controles y cert\u00e1menes de pruebas combinadas.<\/p>\n<p class=\"p1\">Desde el Club Atletismo La Nucia CAB celebramos la medalla de plata, como un logro colectivo y deseamos mucha suerte a Sara y Ventsi.<\/p>\n<p class=\"p1\">Resultados:<\/p>\n<ul class=\"ul1\">\n<li class=\"li1\">100 metros vallas, 2\u00aa con una marca de 15.04s -&gt; 836 puntos<\/li>\n<li class=\"li1\">Altura, 7\u00aa con una marca de 1.47m -&gt; 588 puntos<\/li>\n<li class=\"li1\">Peso 3kg, 4\u00aa con una marca de 10.23m -&gt; 545 puntos<\/li>\n<li class=\"li1\">200 metros, 2\u00aa con una marca de 26.81s -&gt; 728 puntos<\/li>\n<li class=\"li1\">Longitud, 2\u00aa con una marca de 5.24m -&gt; 626 puntos<\/li>\n<li class=\"li1\">Jabalina, 2\u00aa con una marca de 27.95m -&gt; 438 puntos<\/li>\n<li class=\"li1\">800 metros, 1\u00aa con una marca de 2:30.85 -&gt; 682 puntos<\/li>\n<\/ul>\n<p class=\"p1\">Total, 2\u00aa Auton\u00f3mica con 4443 puntos.<\/p>\n","protected":false},"excerpt":{"rendered":"<p>Sara Mobayed se proclam\u00f3 subcampeona auton\u00f3mica de pruebas combinadas, el pasado fin de semana, obteniendo 4443 puntos y m\u00ednima para [&hellip;]<\/p>\n","protected":false},"author":2,"featured_media":2736,"comment_status":"open","ping_status":"open","sticky":false,"template":"","format":"standard","meta":{"site-sidebar-layout":"default","site-content-layout":"","ast-site-content-layout":"default","site-content-style":"default","site-sidebar-style":"default","ast-global-header-display":"","ast-banner-title-visibility":"","ast-main-header-display":"","ast-hfb-above-header-display":"","ast-hfb-below-header-display":"","ast-hfb-mobile-header-display":"","site-post-title":"","ast-breadcrumbs-content":"","ast-featured-img":"","footer-sml-layout":"","ast-disable-related-posts":"","theme-transparent-header-meta":"","adv-header-id-meta":"","stick-header-meta":"","header-above-stick-meta":"","header-main-stick-meta":"","header-below-stick-meta":"","astra-migrate-meta-layouts":"default","ast-page-background-enabled":"default","ast-page-background-meta":{"desktop":{"background-color":"var(--ast-global-color-5)","background-image":"","background-repeat":"repeat","background-position":"center center","background-size":"auto","background-attachment":"scroll","background-type":"","background-media":"","overlay-type":"","overlay-color":"","overlay-opacity":"","overlay-gradient":""},"tablet":{"background-color":"","background-image":"","background-repeat":"repeat","background-position":"center center","background-size":"auto","background-attachment":"scroll","background-type":"","background-media":"","overlay-type":"","overlay-color":"","overlay-opacity":"","overlay-gradient":""},"mobile":{"background-color":"","background-image":"","background-repeat":"repeat","background-position":"center center","background-size":"auto","background-attachment":"scroll","background-type":"","background-media":"","overlay-type":"","overlay-color":"","overlay-opacity":"","overlay-gradient":""}},"ast-content-background-meta":{"desktop":{"background-color":"var(--ast-global-color-4)","background-image":"","background-repeat":"repeat","background-position":"center center","background-size":"auto","background-attachment":"scroll","background-type":"","background-media":"","overlay-type":"","overlay-color":"","overlay-opacity":"","overlay-gradient":""},"tablet":{"background-color":"var(--ast-global-color-4)","background-image":"","background-repeat":"repeat","background-position":"center center","background-size":"auto","background-attachment":"scroll","background-type":"","background-media":"","overlay-type":"","overlay-color":"","overlay-opacity":"","overlay-gradient":""},"mobile":{"background-color":"var(--ast-global-color-4)","background-image":"","background-repeat":"repeat","background-position":"center center","background-size":"auto","background-attachment":"scroll","background-type":"","background-media":"","overlay-type":"","overlay-color":"","overlay-opacity":"","overlay-gradient":""}},"footnotes":""},"categories":[3],"tags":[],"class_list":["post-2735","post","type-post","status-publish","format-standard","has-post-thumbnail","hentry","category-noticias"],"_links":{"self":[{"href":"https:\/\/clubatletismolanucia.es\/index.php?rest_route=\/wp\/v2\/posts\/2735","targetHints":{"allow":["GET"]}}],"collection":[{"href":"https:\/\/clubatletismolanucia.es\/index.php?rest_route=\/wp\/v2\/posts"}],"about":[{"href":"https:\/\/clubatletismolanucia.es\/index.php?rest_route=\/wp\/v2\/types\/post"}],"author":[{"embeddable":true,"href":"https:\/\/clubatletismolanucia.es\/index.php?rest_route=\/wp\/v2\/users\/2"}],"replies":[{"embeddable":true,"href":"https:\/\/clubatletismolanucia.es\/index.php?rest_route=%2Fwp%2Fv2%2Fcomments&post=2735"}],"version-history":[{"count":1,"href":"https:\/\/clubatletismolanucia.es\/index.php?rest_route=\/wp\/v2\/posts\/2735\/revisions"}],"predecessor-version":[{"id":2737,"href":"https:\/\/clubatletismolanucia.es\/index.php?rest_route=\/wp\/v2\/posts\/2735\/revisions\/2737"}],"wp:featuredmedia":[{"embeddable":true,"href":"https:\/\/clubatletismolanucia.es\/index.php?rest_route=\/wp\/v2\/media\/2736"}],"wp:attachment":[{"href":"https:\/\/clubatletismolanucia.es\/index.php?rest_route=%2Fwp%2Fv2%2Fmedia&parent=2735"}],"wp:term":[{"taxonomy":"category","embeddable":true,"href":"https:\/\/clubatletismolanucia.es\/index.php?rest_route=%2Fwp%2Fv2%2Fcategories&post=2735"},{"taxonomy":"post_tag","embeddable":true,"href":"https:\/\/clubatletismolanucia.es\/index.php?rest_route=%2Fwp%2Fv2%2Ftags&post=2735"}],"curies":[{"name":"wp","href":"https:\/\/api.w.org\/{rel}","templated":true}]}}