{"id":2760,"date":"2023-05-29T18:12:09","date_gmt":"2023-05-29T17:12:09","guid":{"rendered":"https:\/\/clubatletismolanucia.es\/?p=2760"},"modified":"2023-05-29T18:12:09","modified_gmt":"2023-05-29T17:12:09","slug":"maria-burgos-se-alza-con-la-medalla-de-plata-en-el-campeonato-provincial-de-pruebas-combinadas-sub-12-en-petrer","status":"publish","type":"post","link":"https:\/\/clubatletismolanucia.es\/?p=2760","title":{"rendered":"Maria Burgos se alza con la medalla de plata en el Campeonato Provincial de Pruebas Combinadas Sub 12 en Petrer"},"content":{"rendered":"<p>El pasado s\u00e1bado, 27 de Mayo, se celebr\u00f3 el Campeonato Provincial de Pruebas Combinadas Sub 12 en Petrer; donde destacamos a Maria Burgos, que fue subcampeona provincial con 1162 puntos y a Erik Falquet, que consigui\u00f3 la medalla de chocolate (4\u00ba puesto provincial) con 644 puntos.<\/p>\n<p>Los atletas de Corpus Sanchez y Adri\u00e1n Santamar\u00eda obtuvieron muy buenos resultados, resaltando la edad que tienen y los puntos que obtuvieron a nivel provincial adem\u00e1s de las tres pruebas que deb\u00edan de realizar, siendo estas el 60 metros lisos, el salto de longitud y el lanzamiento de peso.<\/p>\n<p>Los resultados de los atletas son los siguientes:<\/p>\n<p>&#8211; Maria Burgos, 2\u00aa provincial con 1162 puntos;<\/p>\n<ul>\n<li>60m.l., 9.28s<\/li>\n<li>Longitud, 4.04m<\/li>\n<li>Peso, 7.22m<\/li>\n<\/ul>\n<p>&#8211; Africa Latorre, 38\u00aa provincial con 293 puntos;<\/p>\n<ul>\n<li>60m.l., 10.65s<\/li>\n<li>Peso, 2.86m<\/li>\n<\/ul>\n<p>&#8211; Erik Falquet, 4\u00ba provincial con 644 puntos;<\/p>\n<ul>\n<li>60m.l., 9.87s<\/li>\n<li>Longitud, 3.45m<\/li>\n<li>Peso, 8.25m<\/li>\n<\/ul>\n<p>&#8211; Izan San Segundo, 9\u00ba provincial con 600 puntos;<\/p>\n<ul>\n<li>60m.l., 9.43s<\/li>\n<li>Longitud, 3.65m<\/li>\n<li>Peso, 5.71m<\/li>\n<\/ul>\n<p>&#8211; Ander Moreno, 33\u00ba provincial con 331 puntos;<\/p>\n<ul>\n<li>60m.l., 10.54s<\/li>\n<li>Longitud, 3.00m<\/li>\n<li>Peso, 5.36m<\/li>\n<\/ul>\n<p>&nbsp;<\/p>\n","protected":false},"excerpt":{"rendered":"<p>El pasado s\u00e1bado, 27 de Mayo, se celebr\u00f3 el Campeonato Provincial de Pruebas Combinadas Sub 12 en Petrer; donde destacamos [&hellip;]<\/p>\n","protected":false},"author":2,"featured_media":2761,"comment_status":"open","ping_status":"open","sticky":false,"template":"","format":"standard","meta":{"site-sidebar-layout":"default","site-content-layout":"","ast-site-content-layout":"default","site-content-style":"default","site-sidebar-style":"default","ast-global-header-display":"","ast-banner-title-visibility":"","ast-main-header-display":"","ast-hfb-above-header-display":"","ast-hfb-below-header-display":"","ast-hfb-mobile-header-display":"","site-post-title":"","ast-breadcrumbs-content":"","ast-featured-img":"","footer-sml-layout":"","ast-disable-related-posts":"","theme-transparent-header-meta":"","adv-header-id-meta":"","stick-header-meta":"","header-above-stick-meta":"","header-main-stick-meta":"","header-below-stick-meta":"","astra-migrate-meta-layouts":"default","ast-page-background-enabled":"default","ast-page-background-meta":{"desktop":{"background-color":"var(--ast-global-color-5)","background-image":"","background-repeat":"repeat","background-position":"center center","background-size":"auto","background-attachment":"scroll","background-type":"","background-media":"","overlay-type":"","overlay-color":"","overlay-opacity":"","overlay-gradient":""},"tablet":{"background-color":"","background-image":"","background-repeat":"repeat","background-position":"center center","background-size":"auto","background-attachment":"scroll","background-type":"","background-media":"","overlay-type":"","overlay-color":"","overlay-opacity":"","overlay-gradient":""},"mobile":{"background-color":"","background-image":"","background-repeat":"repeat","background-position":"center center","background-size":"auto","background-attachment":"scroll","background-type":"","background-media":"","overlay-type":"","overlay-color":"","overlay-opacity":"","overlay-gradient":""}},"ast-content-background-meta":{"desktop":{"background-color":"var(--ast-global-color-4)","background-image":"","background-repeat":"repeat","background-position":"center center","background-size":"auto","background-attachment":"scroll","background-type":"","background-media":"","overlay-type":"","overlay-color":"","overlay-opacity":"","overlay-gradient":""},"tablet":{"background-color":"var(--ast-global-color-4)","background-image":"","background-repeat":"repeat","background-position":"center center","background-size":"auto","background-attachment":"scroll","background-type":"","background-media":"","overlay-type":"","overlay-color":"","overlay-opacity":"","overlay-gradient":""},"mobile":{"background-color":"var(--ast-global-color-4)","background-image":"","background-repeat":"repeat","background-position":"center center","background-size":"auto","background-attachment":"scroll","background-type":"","background-media":"","overlay-type":"","overlay-color":"","overlay-opacity":"","overlay-gradient":""}},"footnotes":""},"categories":[3],"tags":[],"class_list":["post-2760","post","type-post","status-publish","format-standard","has-post-thumbnail","hentry","category-noticias"],"_links":{"self":[{"href":"https:\/\/clubatletismolanucia.es\/index.php?rest_route=\/wp\/v2\/posts\/2760","targetHints":{"allow":["GET"]}}],"collection":[{"href":"https:\/\/clubatletismolanucia.es\/index.php?rest_route=\/wp\/v2\/posts"}],"about":[{"href":"https:\/\/clubatletismolanucia.es\/index.php?rest_route=\/wp\/v2\/types\/post"}],"author":[{"embeddable":true,"href":"https:\/\/clubatletismolanucia.es\/index.php?rest_route=\/wp\/v2\/users\/2"}],"replies":[{"embeddable":true,"href":"https:\/\/clubatletismolanucia.es\/index.php?rest_route=%2Fwp%2Fv2%2Fcomments&post=2760"}],"version-history":[{"count":1,"href":"https:\/\/clubatletismolanucia.es\/index.php?rest_route=\/wp\/v2\/posts\/2760\/revisions"}],"predecessor-version":[{"id":2762,"href":"https:\/\/clubatletismolanucia.es\/index.php?rest_route=\/wp\/v2\/posts\/2760\/revisions\/2762"}],"wp:featuredmedia":[{"embeddable":true,"href":"https:\/\/clubatletismolanucia.es\/index.php?rest_route=\/wp\/v2\/media\/2761"}],"wp:attachment":[{"href":"https:\/\/clubatletismolanucia.es\/index.php?rest_route=%2Fwp%2Fv2%2Fmedia&parent=2760"}],"wp:term":[{"taxonomy":"category","embeddable":true,"href":"https:\/\/clubatletismolanucia.es\/index.php?rest_route=%2Fwp%2Fv2%2Fcategories&post=2760"},{"taxonomy":"post_tag","embeddable":true,"href":"https:\/\/clubatletismolanucia.es\/index.php?rest_route=%2Fwp%2Fv2%2Ftags&post=2760"}],"curies":[{"name":"wp","href":"https:\/\/api.w.org\/{rel}","templated":true}]}}