{"id":2773,"date":"2023-06-13T19:41:00","date_gmt":"2023-06-13T18:41:00","guid":{"rendered":"https:\/\/clubatletismolanucia.es\/?p=2773"},"modified":"2023-06-13T19:41:00","modified_gmt":"2023-06-13T18:41:00","slug":"atletas-de-la-nucia-brillan-en-los-campeonatos-sub-14-y-sub-16-obteniendo-nueve-medallas","status":"publish","type":"post","link":"https:\/\/clubatletismolanucia.es\/?p=2773","title":{"rendered":"Atletas de La Nuc\u00eda brillan en los Campeonatos Sub 14 y Sub 16, obteniendo nueve medallas"},"content":{"rendered":"<p>El pasado s\u00e1bado 10 de junio, se celebraron con \u00e9xito el Campeonato Provincial Sub 14 y el Campeonato Auton\u00f3mico Sub 16 en la pista del Polideportivo Municipal de Denia. Diecisiete j\u00f3venes atletas de La Nuc\u00eda participaron en el evento, acompa\u00f1ados por sus entrenadores Ventsislav Koychev, Corpus Sanchez y Grigory Yegorov. Regresaron a casa con un impresionante total de nueve medallas obtenidas en el Campeonato Provincial Sub 14.<\/p>\n<p>A continuaci\u00f3n, se detallan los resultados obtenidos:<\/p>\n<p><strong>Campeonato Provincial Sub 14:<\/strong><\/p>\n<ul>\n<li>Martina Buigues obtuvo la medalla de plata en salto de altura con una marca de 1.48 metros y qued\u00f3 en el und\u00e9cimo lugar en la prueba de 80 metros vallas con un tiempo de 15.80 segundos.<\/li>\n<li>Mayra Jimenez gan\u00f3 la medalla de plata en la prueba de 220 metros vallas con un tiempo de 35.05 segundos y se llev\u00f3 el primer puesto en la prueba de 80 metros vallas con un tiempo de 13.41 segundos.<\/li>\n<li>Marina Poquet qued\u00f3 en quinta posici\u00f3n en la prueba de 220 metros vallas con un tiempo de 38.66 segundos y en el s\u00e9ptimo lugar en la prueba de 80 metros vallas con un tiempo de 15.09 segundos.<\/li>\n<li>Dea Koycheva obtuvo el tercer puesto en salto con p\u00e9rtiga con una marca de 2.25 metros.<\/li>\n<li>Norah Pinar se ubic\u00f3 en el decimonoveno lugar en salto de longitud con una marca de 3.84 metros y en el sexto lugar en salto con p\u00e9rtiga con una marca de 1.75 metros.<\/li>\n<li>Silvia Diaz se llev\u00f3 la medalla de oro en la prueba de 1000 metros con un tiempo de 3:26.22.<\/li>\n<li>Lucia Gonzalez qued\u00f3 en tercer lugar en lanzamiento de disco con una marca de 16.57 metros y en el duod\u00e9cimo lugar en la prueba de 80 metros lisos con un tiempo de 11.63 segundos.<\/li>\n<li>Malak Nabih ocup\u00f3 el decimocuarto lugar en la prueba de 1000 metros con un tiempo de 4:19.73.<\/li>\n<li>Ximena Martinez se ubic\u00f3 en el cuarto lugar en la prueba de 150 metros lisos con un tiempo de 20.40 segundos y en el quinto lugar en la prueba de 80 metros lisos con un tiempo de 11.06 segundos.<\/li>\n<li>Noah Rufete gan\u00f3 la medalla de oro en la prueba de 1000 metros obst\u00e1culos con un tiempo de 3:37.52.<\/li>\n<li>Raul Bl\u00e1zquez obtuvo la medalla de plata en la prueba de 1000 metros obst\u00e1culos con un tiempo de 3:39.77.<\/li>\n<li>Andrei Shevchenko se llev\u00f3 la medalla de plata en salto con p\u00e9rtiga con una marca de 3 metros.<\/li>\n<li>Carles Poquet gan\u00f3 la medalla de plata en la prueba de 220 metros vallas con un tiempo de 33.65 segundos y se llev\u00f3 el primer puesto en la prueba de 80 metros vallas con un tiempo de 13.36 segundos.<\/li>\n<\/ul>\n<p><strong>Campeonato Auton\u00f3mico Sub 16:<\/strong><\/p>\n<ul>\n<li>Damian Bor qued\u00f3 en quinta posici\u00f3n en la prueba de 300 metros lisos con un tiempo de 34.20 segundos.<\/li>\n<li>Masa Yusupova ocup\u00f3 el octavo lugar en su serie de la prueba de 300 metros vallas con un tiempo de 51.86 segundos.<\/li>\n<li>Candela Garcia se llev\u00f3 el quinto lugar en salto con p\u00e9rtiga con una marca de 2.50 metros.<\/li>\n<\/ul>\n<p>Estos j\u00f3venes atletas de La Nuc\u00eda demostraron su talento y dedicaci\u00f3n en ambos campeonatos, obteniendo destacadas actuaciones y un total de nueve medallas en el Campeonato Provincial Sub 14. Sus logros son un reflejo del arduo trabajo realizado tanto por ellos como por sus entrenadores, y demuestran el crecimiento y el potencial del atletismo juvenil en la regi\u00f3n.<\/p>\n<p>&nbsp;<\/p>\n","protected":false},"excerpt":{"rendered":"<p>El pasado s\u00e1bado 10 de junio, se celebraron con \u00e9xito el Campeonato Provincial Sub 14 y el Campeonato Auton\u00f3mico Sub [&hellip;]<\/p>\n","protected":false},"author":2,"featured_media":2774,"comment_status":"open","ping_status":"open","sticky":false,"template":"","format":"standard","meta":{"site-sidebar-layout":"default","site-content-layout":"","ast-site-content-layout":"default","site-content-style":"default","site-sidebar-style":"default","ast-global-header-display":"","ast-banner-title-visibility":"","ast-main-header-display":"","ast-hfb-above-header-display":"","ast-hfb-below-header-display":"","ast-hfb-mobile-header-display":"","site-post-title":"","ast-breadcrumbs-content":"","ast-featured-img":"","footer-sml-layout":"","ast-disable-related-posts":"","theme-transparent-header-meta":"","adv-header-id-meta":"","stick-header-meta":"","header-above-stick-meta":"","header-main-stick-meta":"","header-below-stick-meta":"","astra-migrate-meta-layouts":"default","ast-page-background-enabled":"default","ast-page-background-meta":{"desktop":{"background-color":"var(--ast-global-color-5)","background-image":"","background-repeat":"repeat","background-position":"center center","background-size":"auto","background-attachment":"scroll","background-type":"","background-media":"","overlay-type":"","overlay-color":"","overlay-opacity":"","overlay-gradient":""},"tablet":{"background-color":"","background-image":"","background-repeat":"repeat","background-position":"center center","background-size":"auto","background-attachment":"scroll","background-type":"","background-media":"","overlay-type":"","overlay-color":"","overlay-opacity":"","overlay-gradient":""},"mobile":{"background-color":"","background-image":"","background-repeat":"repeat","background-position":"center center","background-size":"auto","background-attachment":"scroll","background-type":"","background-media":"","overlay-type":"","overlay-color":"","overlay-opacity":"","overlay-gradient":""}},"ast-content-background-meta":{"desktop":{"background-color":"var(--ast-global-color-4)","background-image":"","background-repeat":"repeat","background-position":"center center","background-size":"auto","background-attachment":"scroll","background-type":"","background-media":"","overlay-type":"","overlay-color":"","overlay-opacity":"","overlay-gradient":""},"tablet":{"background-color":"var(--ast-global-color-4)","background-image":"","background-repeat":"repeat","background-position":"center center","background-size":"auto","background-attachment":"scroll","background-type":"","background-media":"","overlay-type":"","overlay-color":"","overlay-opacity":"","overlay-gradient":""},"mobile":{"background-color":"var(--ast-global-color-4)","background-image":"","background-repeat":"repeat","background-position":"center center","background-size":"auto","background-attachment":"scroll","background-type":"","background-media":"","overlay-type":"","overlay-color":"","overlay-opacity":"","overlay-gradient":""}},"footnotes":""},"categories":[3],"tags":[],"class_list":["post-2773","post","type-post","status-publish","format-standard","has-post-thumbnail","hentry","category-noticias"],"_links":{"self":[{"href":"https:\/\/clubatletismolanucia.es\/index.php?rest_route=\/wp\/v2\/posts\/2773","targetHints":{"allow":["GET"]}}],"collection":[{"href":"https:\/\/clubatletismolanucia.es\/index.php?rest_route=\/wp\/v2\/posts"}],"about":[{"href":"https:\/\/clubatletismolanucia.es\/index.php?rest_route=\/wp\/v2\/types\/post"}],"author":[{"embeddable":true,"href":"https:\/\/clubatletismolanucia.es\/index.php?rest_route=\/wp\/v2\/users\/2"}],"replies":[{"embeddable":true,"href":"https:\/\/clubatletismolanucia.es\/index.php?rest_route=%2Fwp%2Fv2%2Fcomments&post=2773"}],"version-history":[{"count":1,"href":"https:\/\/clubatletismolanucia.es\/index.php?rest_route=\/wp\/v2\/posts\/2773\/revisions"}],"predecessor-version":[{"id":2775,"href":"https:\/\/clubatletismolanucia.es\/index.php?rest_route=\/wp\/v2\/posts\/2773\/revisions\/2775"}],"wp:featuredmedia":[{"embeddable":true,"href":"https:\/\/clubatletismolanucia.es\/index.php?rest_route=\/wp\/v2\/media\/2774"}],"wp:attachment":[{"href":"https:\/\/clubatletismolanucia.es\/index.php?rest_route=%2Fwp%2Fv2%2Fmedia&parent=2773"}],"wp:term":[{"taxonomy":"category","embeddable":true,"href":"https:\/\/clubatletismolanucia.es\/index.php?rest_route=%2Fwp%2Fv2%2Fcategories&post=2773"},{"taxonomy":"post_tag","embeddable":true,"href":"https:\/\/clubatletismolanucia.es\/index.php?rest_route=%2Fwp%2Fv2%2Ftags&post=2773"}],"curies":[{"name":"wp","href":"https:\/\/api.w.org\/{rel}","templated":true}]}}