{"id":2824,"date":"2023-12-04T19:51:50","date_gmt":"2023-12-04T18:51:50","guid":{"rendered":"https:\/\/clubatletismolanucia.es\/?p=2824"},"modified":"2023-12-04T19:51:50","modified_gmt":"2023-12-04T18:51:50","slug":"triunfo-colectivo-atletas-de-la-nucia-destacan-en-el-ii-control-sub-12-sub-14-en-elche","status":"publish","type":"post","link":"https:\/\/clubatletismolanucia.es\/?p=2824","title":{"rendered":"Triunfo Colectivo: Atletas de La Nuc\u00eda Destacan en el II Control Sub 12- Sub 14 en Elche"},"content":{"rendered":"<p>El pasado s\u00e1bado, 2 de diciembre, 17 atletas del Club de Atletismo La Nuc\u00eda escribieron una p\u00e1gina memorable en su historial deportivo al participar en el II Control Sub 12- Sub 14 en Elche, bajo la gu\u00eda de los entrenadores Corpus Sanchez y Ventsislav Koychev.<\/p>\n<p>En una jornada donde la pasi\u00f3n por el atletismo se hizo evidente, los j\u00f3venes atletas del Club La Nuc\u00eda se destacaron en diversas disciplinas, superando sus propias marcas y dejando una impresi\u00f3n duradera en el circuito regional.<\/p>\n<p><strong>Resultados Destacados:<\/strong><\/p>\n<p><em>2k Marcha:<\/em> Ander Moreno exhibi\u00f3 un rendimiento excepcional, mejorando su marca personal con un tiempo de 12:54.18.<\/p>\n<p><em>1000 metros lisos:<\/em> Leo Batll\u00e9s, Izan San Segundo y Sergio Lopez destacaron al mejorar sus marcas personales con tiempos de 3:37.88, 3:38.07 y 4:10.12, respectivamente. En la categor\u00eda femenina, Daniela Carri\u00f3n y Yanely Menda\u00f1a debutaron con \u00e9xito, registrando tiempos de 4:36.33 y 4:06.19.<\/p>\n<p><em>Longitud y 60 metros vallas:<\/em> Dea Koycheva, Marina Poquet, Africa Latorre, y Lucia Gonzalez demostraron habilidades impresionantes en salto y vallas, elevando el est\u00e1ndar del equipo.<\/p>\n<p><em>Lanzamiento de peso:<\/em> Manuel Llinares y Mikel Ubeda destacaron con lanzamientos de 6m y 6.18m, respectivamente.<\/p>\n<p><em>60 metros lisos:<\/em> En una muestra de velocidad, los atletas del Club La Nuc\u00eda se destacaron, con menciones especiales para Izan, Leo, Mikel, Sergio, y Miguel Lopez.<\/p>\n<p><strong>Agradecimientos Especiales:<\/strong><\/p>\n<p>El Club de Atletismo La Nuc\u00eda expresa su sincero agradecimiento a la Concejal\u00eda de Deportes del Ayuntamiento de La Nuc\u00eda por su constante respaldo. Asimismo, extendemos nuestro agradecimiento a los entrenadores Corpus Sanchez y Ventsislav Koychev por su dedicaci\u00f3n y liderazgo.<\/p>\n<p>Un reconocimiento especial tambi\u00e9n va para los padres de los atletas, cuyo apoyo inquebrantable ha sido fundamental en el \u00e9xito del equipo. \u00a1Gracias por ser parte de este viaje emocionante y por fomentar el esp\u00edritu deportivo en nuestros j\u00f3venes talentos!<\/p>\n","protected":false},"excerpt":{"rendered":"<p>El pasado s\u00e1bado, 2 de diciembre, 17 atletas del Club de Atletismo La Nuc\u00eda escribieron una p\u00e1gina memorable en su [&hellip;]<\/p>\n","protected":false},"author":2,"featured_media":2825,"comment_status":"open","ping_status":"open","sticky":false,"template":"","format":"standard","meta":{"site-sidebar-layout":"default","site-content-layout":"","ast-site-content-layout":"default","site-content-style":"default","site-sidebar-style":"default","ast-global-header-display":"","ast-banner-title-visibility":"","ast-main-header-display":"","ast-hfb-above-header-display":"","ast-hfb-below-header-display":"","ast-hfb-mobile-header-display":"","site-post-title":"","ast-breadcrumbs-content":"","ast-featured-img":"","footer-sml-layout":"","ast-disable-related-posts":"","theme-transparent-header-meta":"","adv-header-id-meta":"","stick-header-meta":"","header-above-stick-meta":"","header-main-stick-meta":"","header-below-stick-meta":"","astra-migrate-meta-layouts":"default","ast-page-background-enabled":"default","ast-page-background-meta":{"desktop":{"background-color":"var(--ast-global-color-5)","background-image":"","background-repeat":"repeat","background-position":"center center","background-size":"auto","background-attachment":"scroll","background-type":"","background-media":"","overlay-type":"","overlay-color":"","overlay-opacity":"","overlay-gradient":""},"tablet":{"background-color":"","background-image":"","background-repeat":"repeat","background-position":"center center","background-size":"auto","background-attachment":"scroll","background-type":"","background-media":"","overlay-type":"","overlay-color":"","overlay-opacity":"","overlay-gradient":""},"mobile":{"background-color":"","background-image":"","background-repeat":"repeat","background-position":"center center","background-size":"auto","background-attachment":"scroll","background-type":"","background-media":"","overlay-type":"","overlay-color":"","overlay-opacity":"","overlay-gradient":""}},"ast-content-background-meta":{"desktop":{"background-color":"var(--ast-global-color-4)","background-image":"","background-repeat":"repeat","background-position":"center center","background-size":"auto","background-attachment":"scroll","background-type":"","background-media":"","overlay-type":"","overlay-color":"","overlay-opacity":"","overlay-gradient":""},"tablet":{"background-color":"var(--ast-global-color-4)","background-image":"","background-repeat":"repeat","background-position":"center center","background-size":"auto","background-attachment":"scroll","background-type":"","background-media":"","overlay-type":"","overlay-color":"","overlay-opacity":"","overlay-gradient":""},"mobile":{"background-color":"var(--ast-global-color-4)","background-image":"","background-repeat":"repeat","background-position":"center center","background-size":"auto","background-attachment":"scroll","background-type":"","background-media":"","overlay-type":"","overlay-color":"","overlay-opacity":"","overlay-gradient":""}},"footnotes":""},"categories":[3],"tags":[],"class_list":["post-2824","post","type-post","status-publish","format-standard","has-post-thumbnail","hentry","category-noticias"],"_links":{"self":[{"href":"https:\/\/clubatletismolanucia.es\/index.php?rest_route=\/wp\/v2\/posts\/2824","targetHints":{"allow":["GET"]}}],"collection":[{"href":"https:\/\/clubatletismolanucia.es\/index.php?rest_route=\/wp\/v2\/posts"}],"about":[{"href":"https:\/\/clubatletismolanucia.es\/index.php?rest_route=\/wp\/v2\/types\/post"}],"author":[{"embeddable":true,"href":"https:\/\/clubatletismolanucia.es\/index.php?rest_route=\/wp\/v2\/users\/2"}],"replies":[{"embeddable":true,"href":"https:\/\/clubatletismolanucia.es\/index.php?rest_route=%2Fwp%2Fv2%2Fcomments&post=2824"}],"version-history":[{"count":1,"href":"https:\/\/clubatletismolanucia.es\/index.php?rest_route=\/wp\/v2\/posts\/2824\/revisions"}],"predecessor-version":[{"id":2826,"href":"https:\/\/clubatletismolanucia.es\/index.php?rest_route=\/wp\/v2\/posts\/2824\/revisions\/2826"}],"wp:featuredmedia":[{"embeddable":true,"href":"https:\/\/clubatletismolanucia.es\/index.php?rest_route=\/wp\/v2\/media\/2825"}],"wp:attachment":[{"href":"https:\/\/clubatletismolanucia.es\/index.php?rest_route=%2Fwp%2Fv2%2Fmedia&parent=2824"}],"wp:term":[{"taxonomy":"category","embeddable":true,"href":"https:\/\/clubatletismolanucia.es\/index.php?rest_route=%2Fwp%2Fv2%2Fcategories&post=2824"},{"taxonomy":"post_tag","embeddable":true,"href":"https:\/\/clubatletismolanucia.es\/index.php?rest_route=%2Fwp%2Fv2%2Ftags&post=2824"}],"curies":[{"name":"wp","href":"https:\/\/api.w.org\/{rel}","templated":true}]}}