{"id":2937,"date":"2024-04-05T17:15:11","date_gmt":"2024-04-05T16:15:11","guid":{"rendered":"https:\/\/clubatletismolanucia.es\/?p=2937"},"modified":"2024-04-05T17:15:11","modified_gmt":"2024-04-05T16:15:11","slug":"eva-santidrian-la-nucia","status":"publish","type":"post","link":"https:\/\/clubatletismolanucia.es\/?p=2937","title":{"rendered":"La Atleta Eva Santidrian Ruiz y su Equipo Nacional: Intensa Preparaci\u00f3n en La Nucia para los Juegos Ol\u00edmpicos de Par\u00eds 2024"},"content":{"rendered":"<p>Desde el 23 de marzo hasta el 31 de marzo, el Estadi Ol\u00edmpic Camilo Cano de La Nucia ha acogido con entusiasmo a un destacado grupo de atletas espa\u00f1oles, quienes han elegido estas instalaciones de primera categor\u00eda para llevar a cabo un intenso stage de Semana Santa. Dirigidos por el experimentado entrenador y exatleta Juan Herrero Valent\u00edn, este equipo nacional se prepara con determinaci\u00f3n para las pr\u00f3ximas ligas en el calendario nacional de la Real Federaci\u00f3n Espa\u00f1ola de Atletismo.<\/p>\n<p>Este grupo de entrenamiento nacional cuenta con una mezcla de talentos emergentes y atletas consolidados que buscan alcanzar nuevas metas en el \u00e1mbito atl\u00e9tico. Desde j\u00f3venes promesas que han destacado en cert\u00e1menes auton\u00f3micos y nacionales hasta atletas con experiencia en campeonatos de Espa\u00f1a y ligas nacionales de club, cada miembro aporta su dedicaci\u00f3n y habilidades \u00fanicas al equipo.<\/p>\n<p>Entre los atletas que han convergido en La Nucia se encuentran Ignacio Sarmiento Quero, Gabriel De La Cruz Pe\u00f1a, Nicol\u00e1s Campos Montero, Daniel Quero Moreno, Diego Rodr\u00edguez Herrero, Elisa Lorenzo Carrasco, Irene Belloso Zazo, Carlota Pelaz Aldama y la destacada Eva Santidrian Ruiz. Esta \u00faltima, adem\u00e1s de sus impresionantes logros en el meeting World Indoor Tour Gold Madrid 2024 y su destacada posici\u00f3n en el Campeonato del Mundo de Glasgow en la disciplina de 400 metros lisos, ha recibido una noticia extraordinaria: ha sido seleccionada para representar a Espa\u00f1a en los Juegos Ol\u00edmpicos de Par\u00eds 2024 en la prueba de relevos 4&#215;400 metros.<\/p>\n<p>Esta nominaci\u00f3n es un testimonio del excepcional talento y dedicaci\u00f3n de Santidrian Ruiz hacia su deporte, as\u00ed como el reconocimiento de su capacidad para competir en el escenario internacional m\u00e1s grande y prestigioso. Su inclusi\u00f3n en el equipo ol\u00edmpico espa\u00f1ol es un honor no solo para ella misma, sino tambi\u00e9n para el grupo de entrenamiento nacional en La Nucia, que ha sido testigo y parte de su arduo trabajo y desarrollo como atleta de \u00e9lite.<\/p>\n<p>En este grupo de atletas que se han congregado en La Nucia se encuentra tambi\u00e9n Eva Santidrian Ruiz, quien adem\u00e1s de sus impresionantes logros en el meeting World Indoor Tour Gold Madrid 2024 y su destacada posici\u00f3n en el Campeonato del Mundo de Glasgow en la disciplina de 400 metros lisos, ha recibido una noticia extraordinaria: ha sido seleccionada para representar a Espa\u00f1a en los Juegos Ol\u00edmpicos de Par\u00eds 2024 en la prueba de relevos 4&#215;400 metros. Adem\u00e1s, es importante destacar que Santidrian Ruiz recientemente se proclam\u00f3 campeona de Espa\u00f1a en 400 metros lisos en el Campeonato de Espa\u00f1a Short Track.<\/p>\n<p>Con su participaci\u00f3n en los Juegos Ol\u00edmpicos de Par\u00eds 2024, Eva Santidrian Ruiz se une a la \u00e9lite mundial del atletismo, y su presencia en el equipo espa\u00f1ol a\u00f1ade un brillo adicional al ya impresionante grupo de atletas reunidos en La Nucia para este stage de Semana Santa. Sin duda, su \u00e9xito inspirar\u00e1 a sus compa\u00f1eros de equipo y a atletas de todo el pa\u00eds, impuls\u00e1ndolos a alcanzar nuevas alturas en su propia carrera deportiva.<\/p>\n<p>El Estadi Ol\u00edmpic Camilo Cano de La Nucia se ha convertido en un lugar emblem\u00e1tico para el desarrollo atl\u00e9tico nacional, proporcionando instalaciones de primera clase y un entorno propicio para la preparaci\u00f3n de atletas de \u00e9lite. La decisi\u00f3n de elegir estas instalaciones no solo responde a su calidad, sino tambi\u00e9n al clima favorable que ofrece La Nucia durante esta \u00e9poca del a\u00f1o, creando condiciones ideales para el entrenamiento y la mejora continua.<\/p>\n<p>\u00abEstamos orgullosos de ser anfitriones de este talentoso grupo de atletas espa\u00f1oles\u00bb, coment\u00f3 Pepe Brotons, director del Estadi Ol\u00edmpic Camilo Cano. \u00abNuestro objetivo es ofrecer un entorno \u00f3ptimo para el desarrollo atl\u00e9tico, y ver a estos atletas trabajar duro y alcanzar nuevas alturas es una gran satisfacci\u00f3n para nosotros. Esperamos seguir siendo un destino de elecci\u00f3n para equipos nacionales e internacionales en el futuro y contribuir al \u00e9xito continuo de los deportistas que nos visitan\u00bb.<\/p>\n","protected":false},"excerpt":{"rendered":"<p>Desde el 23 de marzo hasta el 31 de marzo, el Estadi Ol\u00edmpic Camilo Cano de La Nucia ha acogido [&hellip;]<\/p>\n","protected":false},"author":2,"featured_media":2938,"comment_status":"open","ping_status":"open","sticky":false,"template":"","format":"standard","meta":{"site-sidebar-layout":"default","site-content-layout":"","ast-site-content-layout":"default","site-content-style":"default","site-sidebar-style":"default","ast-global-header-display":"","ast-banner-title-visibility":"","ast-main-header-display":"","ast-hfb-above-header-display":"","ast-hfb-below-header-display":"","ast-hfb-mobile-header-display":"","site-post-title":"","ast-breadcrumbs-content":"","ast-featured-img":"","footer-sml-layout":"","ast-disable-related-posts":"","theme-transparent-header-meta":"","adv-header-id-meta":"","stick-header-meta":"","header-above-stick-meta":"","header-main-stick-meta":"","header-below-stick-meta":"","astra-migrate-meta-layouts":"default","ast-page-background-enabled":"default","ast-page-background-meta":{"desktop":{"background-color":"var(--ast-global-color-5)","background-image":"","background-repeat":"repeat","background-position":"center center","background-size":"auto","background-attachment":"scroll","background-type":"","background-media":"","overlay-type":"","overlay-color":"","overlay-opacity":"","overlay-gradient":""},"tablet":{"background-color":"","background-image":"","background-repeat":"repeat","background-position":"center center","background-size":"auto","background-attachment":"scroll","background-type":"","background-media":"","overlay-type":"","overlay-color":"","overlay-opacity":"","overlay-gradient":""},"mobile":{"background-color":"","background-image":"","background-repeat":"repeat","background-position":"center center","background-size":"auto","background-attachment":"scroll","background-type":"","background-media":"","overlay-type":"","overlay-color":"","overlay-opacity":"","overlay-gradient":""}},"ast-content-background-meta":{"desktop":{"background-color":"var(--ast-global-color-4)","background-image":"","background-repeat":"repeat","background-position":"center center","background-size":"auto","background-attachment":"scroll","background-type":"","background-media":"","overlay-type":"","overlay-color":"","overlay-opacity":"","overlay-gradient":""},"tablet":{"background-color":"var(--ast-global-color-4)","background-image":"","background-repeat":"repeat","background-position":"center center","background-size":"auto","background-attachment":"scroll","background-type":"","background-media":"","overlay-type":"","overlay-color":"","overlay-opacity":"","overlay-gradient":""},"mobile":{"background-color":"var(--ast-global-color-4)","background-image":"","background-repeat":"repeat","background-position":"center center","background-size":"auto","background-attachment":"scroll","background-type":"","background-media":"","overlay-type":"","overlay-color":"","overlay-opacity":"","overlay-gradient":""}},"footnotes":""},"categories":[3],"tags":[],"class_list":["post-2937","post","type-post","status-publish","format-standard","has-post-thumbnail","hentry","category-noticias"],"_links":{"self":[{"href":"https:\/\/clubatletismolanucia.es\/index.php?rest_route=\/wp\/v2\/posts\/2937","targetHints":{"allow":["GET"]}}],"collection":[{"href":"https:\/\/clubatletismolanucia.es\/index.php?rest_route=\/wp\/v2\/posts"}],"about":[{"href":"https:\/\/clubatletismolanucia.es\/index.php?rest_route=\/wp\/v2\/types\/post"}],"author":[{"embeddable":true,"href":"https:\/\/clubatletismolanucia.es\/index.php?rest_route=\/wp\/v2\/users\/2"}],"replies":[{"embeddable":true,"href":"https:\/\/clubatletismolanucia.es\/index.php?rest_route=%2Fwp%2Fv2%2Fcomments&post=2937"}],"version-history":[{"count":1,"href":"https:\/\/clubatletismolanucia.es\/index.php?rest_route=\/wp\/v2\/posts\/2937\/revisions"}],"predecessor-version":[{"id":2946,"href":"https:\/\/clubatletismolanucia.es\/index.php?rest_route=\/wp\/v2\/posts\/2937\/revisions\/2946"}],"wp:featuredmedia":[{"embeddable":true,"href":"https:\/\/clubatletismolanucia.es\/index.php?rest_route=\/wp\/v2\/media\/2938"}],"wp:attachment":[{"href":"https:\/\/clubatletismolanucia.es\/index.php?rest_route=%2Fwp%2Fv2%2Fmedia&parent=2937"}],"wp:term":[{"taxonomy":"category","embeddable":true,"href":"https:\/\/clubatletismolanucia.es\/index.php?rest_route=%2Fwp%2Fv2%2Fcategories&post=2937"},{"taxonomy":"post_tag","embeddable":true,"href":"https:\/\/clubatletismolanucia.es\/index.php?rest_route=%2Fwp%2Fv2%2Ftags&post=2937"}],"curies":[{"name":"wp","href":"https:\/\/api.w.org\/{rel}","templated":true}]}}