{"id":2950,"date":"2024-04-10T19:02:23","date_gmt":"2024-04-10T18:02:23","guid":{"rendered":"https:\/\/clubatletismolanucia.es\/?p=2950"},"modified":"2024-04-10T19:04:01","modified_gmt":"2024-04-10T18:04:01","slug":"xix-carrera-pedestre","status":"publish","type":"post","link":"https:\/\/clubatletismolanucia.es\/?p=2950","title":{"rendered":"Alicia Gil y el nuciero Mateo San Jos\u00e9 ganan la XIX Carrera Pedestre de Sant Vicent"},"content":{"rendered":"<p><b>La colivenca Alicia Gil y el \u201cnuciero\u201d Manteo San Jos\u00e9 fueron los ganadores de la XIX Carrera Pedestre de Sant Vicent de La Nuc\u00eda,<\/b> el pasado domingo, en la meta situada en la ermita de Sant Vicent del Captivador. Destacar que este a\u00f1o participaron <b>un total de 283 deportistas en todas las carreras de Sant Vicent:<\/b><i> 97 en la Carrera Pedestre, 82 en la Volta a Peu-Nordic Walking y 107 en las carreras Infantles.<\/i><\/p>\n<p><b>La XIX Carrera Pedestre de Sant Vicent de La Nuc\u00eda (Cross Pedestre Sant Vicent) es una prueba de atletismo campo a trav\u00e9s de 7 kil\u00f3metros, con salida desde el Estadi Ol\u00edmpic Camilo Cano y llegada en la Ermita del Captivador, en plenas fiestas de Sant Vicent. <\/b> Esta \u201cXIX Carrera Pedestre de Sant Vicent\u201d fue organizado por el Club de Atletismo de La Nuc\u00eda y Grupo Brotons con la colaboraci\u00f3n de la concejal\u00eda de Deportes y Turismo Deportivo Costa Blanca. Prueba patrocinada por Coca Cola, Bonsa y CTN FI (Centro de Recuperaci\u00f3n Oficial).<\/p>\n<p><b>La entrega de trofeos cont\u00f3 con la presencia de Sergio Villalba,<\/b> concejal de Deportes y <b>Marta Ferrer<\/b>, reina de les Festes d\u2019Agost junto a sus damas.<\/p>\n<p><b>La cantera nuciera triunfa en \u201cCarrera Pedestre\u201d\u00a0<\/b><\/p>\n<p>En las 19 ediciones de la Carrera Pedestre de Sant Vicent, esta edici\u00f3n de 2024 fue la primera vez que el ganador fue un corredor de la cantera nuciera el sub 20 Mateo San Jos\u00e9 (Club Atletismo La Nuc\u00eda-CAB) con un tiempo de 31:08, <b>segundo fue Agust\u00edn Sieres <\/b>del C.A. Gand\u00eda-Alpesa con 31:35 y <b>tercero<\/b> el tambi\u00e9n \u201ccanterano nuciero\u201d nuciero sub 18<b> Marcos Carri\u00f3n Lloret <\/b>del Club Atletismo La Nuc\u00eda con 31:43. Dos nucieros en el p\u00f3dium masculino absoluto a pesar de su juventud, lo que marca el gran futuro de los j\u00f3venes corredores del C.A. La Nuc\u00eda.<\/p>\n<p><b>En F\u00e9minas la ganadora fue Alicia Gil <\/b>del C.E. Colivenc con 38:26,<b> 2\u00aa Lydia Serrano<\/b>del C.A. Gand\u00eda-Alpesa con 42:33 y<b> 3\u00aa Tania Mart\u00ednez<\/b> del C. Se nos va la pinza con 42:40. En esta edici\u00f3n compitieron un total de 97 corredores, que completaron los 7 kil\u00f3metros de la Carrera Pedestre de Sant Vicent.<\/p>\n<p><b>82 andarines en la Volta a Peu-Marcha N\u00f3rdica\u00a0<\/b><\/p>\n<p><b>La Volta a Peu- Marcha N\u00f3rdica de Sant Vicent se realiz\u00f3 por el mismo recorrido que la Carrera Pedestre con salida desde el Estadi Ol\u00edmpic y llegada en la ermita de Sant Vicent pero andando<\/b>, para que todo el mundo que lo desee pueda realizarla, sin ser necesario una gran condici\u00f3n f\u00edsica. Tuvo una gran participaci\u00f3n de<b> 82 senderistas y marchadores n\u00f3rdicos,<\/b> entre los que destacaron los del Club Senderista de La Nuc\u00eda.<\/p>\n<p><b>Las Carreras Infantiles congregaron 107 ni\u00f1os<\/b><\/p>\n<p><b>Las Carreras Infantiles de Sant Vicent fueron las grandes triunfadoras de esta XIX edici\u00f3n de la Carrera Pedestre con una participaci\u00f3n de 107 ni\u00f1os y ni\u00f1as de La Nuc\u00eda y comarca. <\/b>El gran \u00e9xito de la Escuela de Atletismo de La Nuc\u00eda ha revitalizado estas carreras que se realizan sobre diferentes trazados, seg\u00fan la edad, en las inmediaciones de la Ermita de Sant Vicent del Captivador de La Nuc\u00eda. Destacar el gran ambiente y compa\u00f1erismo entre todas las promesas del atletismo, muchas de las cu\u00e1les se alzaron con su primera medalla.<\/p>\n","protected":false},"excerpt":{"rendered":"<p>La colivenca Alicia Gil y el \u201cnuciero\u201d Manteo San Jos\u00e9 fueron los ganadores de la XIX Carrera Pedestre de Sant [&hellip;]<\/p>\n","protected":false},"author":2,"featured_media":2951,"comment_status":"open","ping_status":"open","sticky":false,"template":"","format":"standard","meta":{"site-sidebar-layout":"default","site-content-layout":"","ast-site-content-layout":"default","site-content-style":"default","site-sidebar-style":"default","ast-global-header-display":"","ast-banner-title-visibility":"","ast-main-header-display":"","ast-hfb-above-header-display":"","ast-hfb-below-header-display":"","ast-hfb-mobile-header-display":"","site-post-title":"","ast-breadcrumbs-content":"","ast-featured-img":"","footer-sml-layout":"","ast-disable-related-posts":"","theme-transparent-header-meta":"","adv-header-id-meta":"","stick-header-meta":"","header-above-stick-meta":"","header-main-stick-meta":"","header-below-stick-meta":"","astra-migrate-meta-layouts":"default","ast-page-background-enabled":"default","ast-page-background-meta":{"desktop":{"background-color":"var(--ast-global-color-5)","background-image":"","background-repeat":"repeat","background-position":"center center","background-size":"auto","background-attachment":"scroll","background-type":"","background-media":"","overlay-type":"","overlay-color":"","overlay-opacity":"","overlay-gradient":""},"tablet":{"background-color":"","background-image":"","background-repeat":"repeat","background-position":"center center","background-size":"auto","background-attachment":"scroll","background-type":"","background-media":"","overlay-type":"","overlay-color":"","overlay-opacity":"","overlay-gradient":""},"mobile":{"background-color":"","background-image":"","background-repeat":"repeat","background-position":"center center","background-size":"auto","background-attachment":"scroll","background-type":"","background-media":"","overlay-type":"","overlay-color":"","overlay-opacity":"","overlay-gradient":""}},"ast-content-background-meta":{"desktop":{"background-color":"var(--ast-global-color-4)","background-image":"","background-repeat":"repeat","background-position":"center center","background-size":"auto","background-attachment":"scroll","background-type":"","background-media":"","overlay-type":"","overlay-color":"","overlay-opacity":"","overlay-gradient":""},"tablet":{"background-color":"var(--ast-global-color-4)","background-image":"","background-repeat":"repeat","background-position":"center center","background-size":"auto","background-attachment":"scroll","background-type":"","background-media":"","overlay-type":"","overlay-color":"","overlay-opacity":"","overlay-gradient":""},"mobile":{"background-color":"var(--ast-global-color-4)","background-image":"","background-repeat":"repeat","background-position":"center center","background-size":"auto","background-attachment":"scroll","background-type":"","background-media":"","overlay-type":"","overlay-color":"","overlay-opacity":"","overlay-gradient":""}},"footnotes":""},"categories":[3],"tags":[],"class_list":["post-2950","post","type-post","status-publish","format-standard","has-post-thumbnail","hentry","category-noticias"],"_links":{"self":[{"href":"https:\/\/clubatletismolanucia.es\/index.php?rest_route=\/wp\/v2\/posts\/2950","targetHints":{"allow":["GET"]}}],"collection":[{"href":"https:\/\/clubatletismolanucia.es\/index.php?rest_route=\/wp\/v2\/posts"}],"about":[{"href":"https:\/\/clubatletismolanucia.es\/index.php?rest_route=\/wp\/v2\/types\/post"}],"author":[{"embeddable":true,"href":"https:\/\/clubatletismolanucia.es\/index.php?rest_route=\/wp\/v2\/users\/2"}],"replies":[{"embeddable":true,"href":"https:\/\/clubatletismolanucia.es\/index.php?rest_route=%2Fwp%2Fv2%2Fcomments&post=2950"}],"version-history":[{"count":1,"href":"https:\/\/clubatletismolanucia.es\/index.php?rest_route=\/wp\/v2\/posts\/2950\/revisions"}],"predecessor-version":[{"id":2952,"href":"https:\/\/clubatletismolanucia.es\/index.php?rest_route=\/wp\/v2\/posts\/2950\/revisions\/2952"}],"wp:featuredmedia":[{"embeddable":true,"href":"https:\/\/clubatletismolanucia.es\/index.php?rest_route=\/wp\/v2\/media\/2951"}],"wp:attachment":[{"href":"https:\/\/clubatletismolanucia.es\/index.php?rest_route=%2Fwp%2Fv2%2Fmedia&parent=2950"}],"wp:term":[{"taxonomy":"category","embeddable":true,"href":"https:\/\/clubatletismolanucia.es\/index.php?rest_route=%2Fwp%2Fv2%2Fcategories&post=2950"},{"taxonomy":"post_tag","embeddable":true,"href":"https:\/\/clubatletismolanucia.es\/index.php?rest_route=%2Fwp%2Fv2%2Ftags&post=2950"}],"curies":[{"name":"wp","href":"https:\/\/api.w.org\/{rel}","templated":true}]}}