{"id":2976,"date":"2024-04-16T17:49:49","date_gmt":"2024-04-16T16:49:49","guid":{"rendered":"https:\/\/clubatletismolanucia.es\/?p=2976"},"modified":"2024-04-16T19:26:01","modified_gmt":"2024-04-16T18:26:01","slug":"el-verger-volta-a-peu-4-podiums","status":"publish","type":"post","link":"https:\/\/clubatletismolanucia.es\/?p=2976","title":{"rendered":"El Club Atletismo La Nucia CAB consigue 4 podiums en la XVI Volta a Peu El Verger"},"content":{"rendered":"<p>El pasado domingo, 14 de abril, el Club Atletismo La Nucia CAB demostr\u00f3 su excelencia deportiva en la sexta prueba de la Volta a Peu Marina Alta, celebrada en la XVI Volta a Peu El Verger. Con la participaci\u00f3n de 18 atletas del grupo mediofondista de Corpus Sanchez, el club regres\u00f3 a casa con un impresionante bot\u00edn de 4 podiums y m\u00faltiples logros destacados.<\/p>\n<p>En la categor\u00eda Benjamin, Patricio Lopez obtuvo una meritoria quinta posici\u00f3n, mientras que Clara Gasc\u00f3n brill\u00f3 al alcanzar el cuarto lugar. En la categor\u00eda Alev\u00edn, Leopoldo Batll\u00e9s se destac\u00f3 al obtener el primer lugar, seguido de Yanely Menda\u00f1a en el cuarto puesto y Tabatha Aracil en el duod\u00e9cimo.<\/p>\n<p>En la categor\u00eda Infantil, Aitana Tor conquist\u00f3 el primer lugar, destacando su notable desempe\u00f1o. Los Cadetes del Club Atletismo La Nucia tambi\u00e9n dejaron su huella, con Raul Blazquez en el cuarto lugar, Mikel Alcazar en el quinto, Noah Rufete en el octavo, Shimon Menda\u00f1a en el noveno, y Mateo Mikitinskis en el d\u00e9cimo. Silvia Diaz se destac\u00f3 al obtener el primer puesto en su categor\u00eda, seguida de Julia Requena en quinto lugar y Jimena Gutierrez en el s\u00e9ptimo.<\/p>\n<p>En la categor\u00eda Juvenil, Marcos Carri\u00f3n y Gael Rufete se posicionaron en el cuarto y sexto lugar respectivamente, mientras que en la categor\u00eda Promesa, Mateo San Jos\u00e9 brill\u00f3 al obtener el segundo lugar.<\/p>\n<p>El Club Atletismo La Nucia CAB contin\u00faa dejando en alto el nombre de la ciudad y consolid\u00e1ndose como uno de los referentes en el mundo del atletismo regional. Sus atletas, con su dedicaci\u00f3n y esfuerzo, son un ejemplo de superaci\u00f3n y talento deportivo.<\/p>\n","protected":false},"excerpt":{"rendered":"<p>El pasado domingo, 14 de abril, el Club Atletismo La Nucia CAB demostr\u00f3 su excelencia deportiva en la sexta prueba [&hellip;]<\/p>\n","protected":false},"author":2,"featured_media":2977,"comment_status":"open","ping_status":"open","sticky":false,"template":"","format":"standard","meta":{"site-sidebar-layout":"default","site-content-layout":"","ast-site-content-layout":"default","site-content-style":"default","site-sidebar-style":"default","ast-global-header-display":"","ast-banner-title-visibility":"","ast-main-header-display":"","ast-hfb-above-header-display":"","ast-hfb-below-header-display":"","ast-hfb-mobile-header-display":"","site-post-title":"","ast-breadcrumbs-content":"","ast-featured-img":"","footer-sml-layout":"","ast-disable-related-posts":"","theme-transparent-header-meta":"","adv-header-id-meta":"","stick-header-meta":"","header-above-stick-meta":"","header-main-stick-meta":"","header-below-stick-meta":"","astra-migrate-meta-layouts":"default","ast-page-background-enabled":"default","ast-page-background-meta":{"desktop":{"background-color":"var(--ast-global-color-5)","background-image":"","background-repeat":"repeat","background-position":"center center","background-size":"auto","background-attachment":"scroll","background-type":"","background-media":"","overlay-type":"","overlay-color":"","overlay-opacity":"","overlay-gradient":""},"tablet":{"background-color":"","background-image":"","background-repeat":"repeat","background-position":"center center","background-size":"auto","background-attachment":"scroll","background-type":"","background-media":"","overlay-type":"","overlay-color":"","overlay-opacity":"","overlay-gradient":""},"mobile":{"background-color":"","background-image":"","background-repeat":"repeat","background-position":"center center","background-size":"auto","background-attachment":"scroll","background-type":"","background-media":"","overlay-type":"","overlay-color":"","overlay-opacity":"","overlay-gradient":""}},"ast-content-background-meta":{"desktop":{"background-color":"var(--ast-global-color-4)","background-image":"","background-repeat":"repeat","background-position":"center center","background-size":"auto","background-attachment":"scroll","background-type":"","background-media":"","overlay-type":"","overlay-color":"","overlay-opacity":"","overlay-gradient":""},"tablet":{"background-color":"var(--ast-global-color-4)","background-image":"","background-repeat":"repeat","background-position":"center center","background-size":"auto","background-attachment":"scroll","background-type":"","background-media":"","overlay-type":"","overlay-color":"","overlay-opacity":"","overlay-gradient":""},"mobile":{"background-color":"var(--ast-global-color-4)","background-image":"","background-repeat":"repeat","background-position":"center center","background-size":"auto","background-attachment":"scroll","background-type":"","background-media":"","overlay-type":"","overlay-color":"","overlay-opacity":"","overlay-gradient":""}},"footnotes":""},"categories":[3],"tags":[],"class_list":["post-2976","post","type-post","status-publish","format-standard","has-post-thumbnail","hentry","category-noticias"],"_links":{"self":[{"href":"https:\/\/clubatletismolanucia.es\/index.php?rest_route=\/wp\/v2\/posts\/2976","targetHints":{"allow":["GET"]}}],"collection":[{"href":"https:\/\/clubatletismolanucia.es\/index.php?rest_route=\/wp\/v2\/posts"}],"about":[{"href":"https:\/\/clubatletismolanucia.es\/index.php?rest_route=\/wp\/v2\/types\/post"}],"author":[{"embeddable":true,"href":"https:\/\/clubatletismolanucia.es\/index.php?rest_route=\/wp\/v2\/users\/2"}],"replies":[{"embeddable":true,"href":"https:\/\/clubatletismolanucia.es\/index.php?rest_route=%2Fwp%2Fv2%2Fcomments&post=2976"}],"version-history":[{"count":4,"href":"https:\/\/clubatletismolanucia.es\/index.php?rest_route=\/wp\/v2\/posts\/2976\/revisions"}],"predecessor-version":[{"id":2981,"href":"https:\/\/clubatletismolanucia.es\/index.php?rest_route=\/wp\/v2\/posts\/2976\/revisions\/2981"}],"wp:featuredmedia":[{"embeddable":true,"href":"https:\/\/clubatletismolanucia.es\/index.php?rest_route=\/wp\/v2\/media\/2977"}],"wp:attachment":[{"href":"https:\/\/clubatletismolanucia.es\/index.php?rest_route=%2Fwp%2Fv2%2Fmedia&parent=2976"}],"wp:term":[{"taxonomy":"category","embeddable":true,"href":"https:\/\/clubatletismolanucia.es\/index.php?rest_route=%2Fwp%2Fv2%2Fcategories&post=2976"},{"taxonomy":"post_tag","embeddable":true,"href":"https:\/\/clubatletismolanucia.es\/index.php?rest_route=%2Fwp%2Fv2%2Ftags&post=2976"}],"curies":[{"name":"wp","href":"https:\/\/api.w.org\/{rel}","templated":true}]}}