{"id":2996,"date":"2024-04-29T18:40:00","date_gmt":"2024-04-29T17:40:00","guid":{"rendered":"https:\/\/clubatletismolanucia.es\/?p=2996"},"modified":"2024-04-29T18:51:42","modified_gmt":"2024-04-29T17:51:42","slug":"buenos-resultados-petrer-atletismo","status":"publish","type":"post","link":"https:\/\/clubatletismolanucia.es\/?p=2996","title":{"rendered":"Grandes resultados para el Club Atletismo La Nuc\u00eda en el III Control Sub 16 y III Control Sub 14 de P\u00e9rtiga y Vallas al Aire Libre"},"content":{"rendered":"<p>El pasado s\u00e1bado, 27 de abril, el Club Atletismo La Nuc\u00eda demostr\u00f3 su talento en el III Control Sub 16 y III Control Sub 14 de P\u00e9rtiga y Vallas al Aire Libre, celebrado en Petrer. Con la participaci\u00f3n de cinco destacados atletas nucieros, respaldados por los t\u00e9cnicos Corpus S\u00e1nchez, Ventsislav Koychev y Grigory Yegorov, la jornada estuvo marcada por grandes logros y emocionantes competencias.<\/p>\n<p>Entre los resultados m\u00e1s destacados, resalta el desempe\u00f1o de Julia Requena, quien alcanz\u00f3 el puesto 14 en longitud con un impresionante salto de 4,14 metros, adem\u00e1s de asegurar la octava posici\u00f3n en los 600 metros lisos con un tiempo de 1:54.63. Dea Koycheva brill\u00f3 al conseguir el primer lugar en p\u00e9rtiga, superando la barra a una altura de 2,65 metros, y se destac\u00f3 igualmente al obtener el tercer lugar en los 80 metros vallas, con un tiempo de 14,33 segundos.<\/p>\n<p>Por su parte, Marina Poquet se posicion\u00f3 en el cuarto lugar en dos competencias: los 220 metros vallas, con un tiempo de 37,08 segundos, y los 80 metros vallas, con un tiempo de 14,54 segundos, demostrando su versatilidad y habilidad en ambas disciplinas. Andrei Shevchenko tambi\u00e9n dej\u00f3 su huella al obtener el segundo lugar en salto con p\u00e9rtiga, al superar la altura de 3,65 metros con maestr\u00eda.<\/p>\n<p>El Club Atletismo La Nuc\u00eda celebra estos resultados que reflejan el esfuerzo y dedicaci\u00f3n de sus atletas, as\u00ed como el compromiso de sus entrenadores. Estos logros no solo son motivo de orgullo para el club, sino que tambi\u00e9n inspiran a nuevas generaciones a seguir persiguiendo sus sue\u00f1os en el mundo del atletismo.<\/p>\n<p>\u00a1Enhorabuena a todos los participantes por su excelente desempe\u00f1o y determinaci\u00f3n en esta competici\u00f3n!<\/p>\n","protected":false},"excerpt":{"rendered":"<p>El pasado s\u00e1bado, 27 de abril, el Club Atletismo La Nuc\u00eda demostr\u00f3 su talento en el III Control Sub 16 [&hellip;]<\/p>\n","protected":false},"author":2,"featured_media":2998,"comment_status":"open","ping_status":"open","sticky":false,"template":"","format":"standard","meta":{"site-sidebar-layout":"default","site-content-layout":"","ast-site-content-layout":"default","site-content-style":"default","site-sidebar-style":"default","ast-global-header-display":"","ast-banner-title-visibility":"","ast-main-header-display":"","ast-hfb-above-header-display":"","ast-hfb-below-header-display":"","ast-hfb-mobile-header-display":"","site-post-title":"","ast-breadcrumbs-content":"","ast-featured-img":"","footer-sml-layout":"","ast-disable-related-posts":"","theme-transparent-header-meta":"","adv-header-id-meta":"","stick-header-meta":"","header-above-stick-meta":"","header-main-stick-meta":"","header-below-stick-meta":"","astra-migrate-meta-layouts":"default","ast-page-background-enabled":"default","ast-page-background-meta":{"desktop":{"background-color":"var(--ast-global-color-5)","background-image":"","background-repeat":"repeat","background-position":"center center","background-size":"auto","background-attachment":"scroll","background-type":"","background-media":"","overlay-type":"","overlay-color":"","overlay-opacity":"","overlay-gradient":""},"tablet":{"background-color":"","background-image":"","background-repeat":"repeat","background-position":"center center","background-size":"auto","background-attachment":"scroll","background-type":"","background-media":"","overlay-type":"","overlay-color":"","overlay-opacity":"","overlay-gradient":""},"mobile":{"background-color":"","background-image":"","background-repeat":"repeat","background-position":"center center","background-size":"auto","background-attachment":"scroll","background-type":"","background-media":"","overlay-type":"","overlay-color":"","overlay-opacity":"","overlay-gradient":""}},"ast-content-background-meta":{"desktop":{"background-color":"var(--ast-global-color-4)","background-image":"","background-repeat":"repeat","background-position":"center center","background-size":"auto","background-attachment":"scroll","background-type":"","background-media":"","overlay-type":"","overlay-color":"","overlay-opacity":"","overlay-gradient":""},"tablet":{"background-color":"var(--ast-global-color-4)","background-image":"","background-repeat":"repeat","background-position":"center center","background-size":"auto","background-attachment":"scroll","background-type":"","background-media":"","overlay-type":"","overlay-color":"","overlay-opacity":"","overlay-gradient":""},"mobile":{"background-color":"var(--ast-global-color-4)","background-image":"","background-repeat":"repeat","background-position":"center center","background-size":"auto","background-attachment":"scroll","background-type":"","background-media":"","overlay-type":"","overlay-color":"","overlay-opacity":"","overlay-gradient":""}},"footnotes":""},"categories":[3],"tags":[],"class_list":["post-2996","post","type-post","status-publish","format-standard","has-post-thumbnail","hentry","category-noticias"],"_links":{"self":[{"href":"https:\/\/clubatletismolanucia.es\/index.php?rest_route=\/wp\/v2\/posts\/2996","targetHints":{"allow":["GET"]}}],"collection":[{"href":"https:\/\/clubatletismolanucia.es\/index.php?rest_route=\/wp\/v2\/posts"}],"about":[{"href":"https:\/\/clubatletismolanucia.es\/index.php?rest_route=\/wp\/v2\/types\/post"}],"author":[{"embeddable":true,"href":"https:\/\/clubatletismolanucia.es\/index.php?rest_route=\/wp\/v2\/users\/2"}],"replies":[{"embeddable":true,"href":"https:\/\/clubatletismolanucia.es\/index.php?rest_route=%2Fwp%2Fv2%2Fcomments&post=2996"}],"version-history":[{"count":1,"href":"https:\/\/clubatletismolanucia.es\/index.php?rest_route=\/wp\/v2\/posts\/2996\/revisions"}],"predecessor-version":[{"id":2997,"href":"https:\/\/clubatletismolanucia.es\/index.php?rest_route=\/wp\/v2\/posts\/2996\/revisions\/2997"}],"wp:featuredmedia":[{"embeddable":true,"href":"https:\/\/clubatletismolanucia.es\/index.php?rest_route=\/wp\/v2\/media\/2998"}],"wp:attachment":[{"href":"https:\/\/clubatletismolanucia.es\/index.php?rest_route=%2Fwp%2Fv2%2Fmedia&parent=2996"}],"wp:term":[{"taxonomy":"category","embeddable":true,"href":"https:\/\/clubatletismolanucia.es\/index.php?rest_route=%2Fwp%2Fv2%2Fcategories&post=2996"},{"taxonomy":"post_tag","embeddable":true,"href":"https:\/\/clubatletismolanucia.es\/index.php?rest_route=%2Fwp%2Fv2%2Ftags&post=2996"}],"curies":[{"name":"wp","href":"https:\/\/api.w.org\/{rel}","templated":true}]}}