{"id":3150,"date":"2024-12-03T19:38:51","date_gmt":"2024-12-03T18:38:51","guid":{"rendered":"https:\/\/clubatletismolanucia.es\/?p=3150"},"modified":"2024-12-03T19:38:51","modified_gmt":"2024-12-03T18:38:51","slug":"el-club-atletismo-la-nucia-cab-brilla-en-el-xxiii-cross-escolar-de-lalfas-del-pi-con-11-podiums","status":"publish","type":"post","link":"https:\/\/clubatletismolanucia.es\/?p=3150","title":{"rendered":"El Club Atletismo La Nuc\u00eda CAB brilla en el XXIII Cross Escolar de l\u2019Alf\u00e0s del Pi con 11 p\u00f3diums"},"content":{"rendered":"<p>El pasado domingo, 1 de diciembre, el Club Atletismo La Nuc\u00eda CAB particip\u00f3 con gran \u00e9xito en el <strong>XXIII Cross Escolar de l\u2019Alf\u00e0s del Pi<\/strong>, un evento que congreg\u00f3 a deportistas de toda la regi\u00f3n. Un total de <strong>30 atletas<\/strong> del club compitieron en las categor\u00edas Sub 8, Sub 10, Sub 12, Sub 14 y Sub 16, destacando en sus respectivas pruebas y logrando un total de <strong>11 p\u00f3diums<\/strong>.<\/p>\n<p>La jornada se desarroll\u00f3 en un ambiente agradable y muy animado, con la presencia de numerosas familias, amigos y aficionados que llenaron el circuito de entusiasmo y apoyo.<\/p>\n<h3>Resultados por categor\u00eda<\/h3>\n<p><strong>Sub 8:<\/strong><\/p>\n<ul>\n<li><strong>Maria L\u00f3pez<\/strong>, 1.\u00aa<\/li>\n<li><strong>Maud De Vries<\/strong>, 2.\u00aa<\/li>\n<li><strong>Amir Ould<\/strong>, 5.\u00ba<\/li>\n<li><strong>Anya Boulahrouz<\/strong>, 5.\u00aa<\/li>\n<li><strong>\u00c1ngel Garc\u00eda<\/strong>, 10.\u00ba<\/li>\n<li><strong>Martin Garc\u00eda<\/strong>, 11.\u00ba<\/li>\n<\/ul>\n<p><strong>Sub 10:<\/strong><\/p>\n<ul>\n<li><strong>Maxim Moran<\/strong>, 2.\u00ba<\/li>\n<li><strong>Sof\u00eda<\/strong>, 3.\u00aa<\/li>\n<li><strong>Nora<\/strong>, 4.\u00aa<\/li>\n<li><strong>Meyli<\/strong>, 5.\u00aa<\/li>\n<li><strong>Lili<\/strong>, 10.\u00aa<\/li>\n<\/ul>\n<p><strong>Sub 12:<\/strong><\/p>\n<ul>\n<li><strong>Nicol\u00e1s Montoya<\/strong>, 1.\u00ba<\/li>\n<li><strong>Clara Gasc\u00f3n<\/strong>, 2.\u00aa<\/li>\n<li><strong>Shaden Boulahrouz<\/strong>, 3.\u00aa<\/li>\n<li><strong>Daniela S\u00e1nchez<\/strong>, 5.\u00aa<\/li>\n<li><strong>Sof\u00eda Derbilina<\/strong>, 6.\u00aa<\/li>\n<li><strong>Nora Adas<\/strong>, 11.\u00aa<\/li>\n<li><strong>Ainhoa Navarro<\/strong>, 12.\u00aa<\/li>\n<li><strong>Ruth Fraile<\/strong>, 14.\u00aa<\/li>\n<li><strong>Smina Kadi<\/strong>, 16.\u00aa<\/li>\n<\/ul>\n<p><strong>Sub 14:<\/strong><\/p>\n<ul>\n<li><strong>Mikel \u00dabeda<\/strong>, 1.\u00ba<\/li>\n<li><strong>Acacia Meling<\/strong>, 1.\u00aa<\/li>\n<li><strong>Ander Moreno<\/strong>, 5.\u00ba<\/li>\n<li><strong>Mar\u00eda Kadi<\/strong>, 5.\u00aa<\/li>\n<li><strong>Luc\u00eda Moreno<\/strong>, 6.\u00aa<\/li>\n<\/ul>\n<p><strong>Sub 16:<\/strong><\/p>\n<ul>\n<li><strong>Ra\u00fal Bl\u00e1zquez<\/strong>, 2.\u00ba<\/li>\n<li><strong>Aitana Tor Perea<\/strong>, 2.\u00aa<\/li>\n<li><strong>Noah Rufete<\/strong>, 4.\u00ba<\/li>\n<li><strong>Julia Requena<\/strong>, 4.\u00aa<\/li>\n<li><strong>Mikel Alc\u00e1zar<\/strong>, 5.\u00ba<\/li>\n<\/ul>\n<h3>Un \u00e9xito colectivo<\/h3>\n<p>La gran participaci\u00f3n y los destacados resultados reflejan el esfuerzo y dedicaci\u00f3n de los atletas del Club Atletismo La Nuc\u00eda CAB, que siguen demostrando su alto nivel en cada competici\u00f3n. Este evento no solo fue una oportunidad para competir, sino tambi\u00e9n para disfrutar de una jornada deportiva llena de compa\u00f1erismo y apoyo familiar.<\/p>\n","protected":false},"excerpt":{"rendered":"<p>El pasado domingo, 1 de diciembre, el Club Atletismo La Nuc\u00eda CAB particip\u00f3 con gran \u00e9xito en el XXIII Cross [&hellip;]<\/p>\n","protected":false},"author":2,"featured_media":3151,"comment_status":"closed","ping_status":"closed","sticky":false,"template":"","format":"standard","meta":{"site-sidebar-layout":"default","site-content-layout":"","ast-site-content-layout":"default","site-content-style":"default","site-sidebar-style":"default","ast-global-header-display":"","ast-banner-title-visibility":"","ast-main-header-display":"","ast-hfb-above-header-display":"","ast-hfb-below-header-display":"","ast-hfb-mobile-header-display":"","site-post-title":"","ast-breadcrumbs-content":"","ast-featured-img":"","footer-sml-layout":"","ast-disable-related-posts":"","theme-transparent-header-meta":"","adv-header-id-meta":"","stick-header-meta":"","header-above-stick-meta":"","header-main-stick-meta":"","header-below-stick-meta":"","astra-migrate-meta-layouts":"default","ast-page-background-enabled":"default","ast-page-background-meta":{"desktop":{"background-color":"var(--ast-global-color-5)","background-image":"","background-repeat":"repeat","background-position":"center center","background-size":"auto","background-attachment":"scroll","background-type":"","background-media":"","overlay-type":"","overlay-color":"","overlay-opacity":"","overlay-gradient":""},"tablet":{"background-color":"","background-image":"","background-repeat":"repeat","background-position":"center center","background-size":"auto","background-attachment":"scroll","background-type":"","background-media":"","overlay-type":"","overlay-color":"","overlay-opacity":"","overlay-gradient":""},"mobile":{"background-color":"","background-image":"","background-repeat":"repeat","background-position":"center center","background-size":"auto","background-attachment":"scroll","background-type":"","background-media":"","overlay-type":"","overlay-color":"","overlay-opacity":"","overlay-gradient":""}},"ast-content-background-meta":{"desktop":{"background-color":"var(--ast-global-color-4)","background-image":"","background-repeat":"repeat","background-position":"center center","background-size":"auto","background-attachment":"scroll","background-type":"","background-media":"","overlay-type":"","overlay-color":"","overlay-opacity":"","overlay-gradient":""},"tablet":{"background-color":"var(--ast-global-color-4)","background-image":"","background-repeat":"repeat","background-position":"center center","background-size":"auto","background-attachment":"scroll","background-type":"","background-media":"","overlay-type":"","overlay-color":"","overlay-opacity":"","overlay-gradient":""},"mobile":{"background-color":"var(--ast-global-color-4)","background-image":"","background-repeat":"repeat","background-position":"center center","background-size":"auto","background-attachment":"scroll","background-type":"","background-media":"","overlay-type":"","overlay-color":"","overlay-opacity":"","overlay-gradient":""}},"footnotes":""},"categories":[3],"tags":[],"class_list":["post-3150","post","type-post","status-publish","format-standard","has-post-thumbnail","hentry","category-noticias"],"_links":{"self":[{"href":"https:\/\/clubatletismolanucia.es\/index.php?rest_route=\/wp\/v2\/posts\/3150","targetHints":{"allow":["GET"]}}],"collection":[{"href":"https:\/\/clubatletismolanucia.es\/index.php?rest_route=\/wp\/v2\/posts"}],"about":[{"href":"https:\/\/clubatletismolanucia.es\/index.php?rest_route=\/wp\/v2\/types\/post"}],"author":[{"embeddable":true,"href":"https:\/\/clubatletismolanucia.es\/index.php?rest_route=\/wp\/v2\/users\/2"}],"replies":[{"embeddable":true,"href":"https:\/\/clubatletismolanucia.es\/index.php?rest_route=%2Fwp%2Fv2%2Fcomments&post=3150"}],"version-history":[{"count":1,"href":"https:\/\/clubatletismolanucia.es\/index.php?rest_route=\/wp\/v2\/posts\/3150\/revisions"}],"predecessor-version":[{"id":3152,"href":"https:\/\/clubatletismolanucia.es\/index.php?rest_route=\/wp\/v2\/posts\/3150\/revisions\/3152"}],"wp:featuredmedia":[{"embeddable":true,"href":"https:\/\/clubatletismolanucia.es\/index.php?rest_route=\/wp\/v2\/media\/3151"}],"wp:attachment":[{"href":"https:\/\/clubatletismolanucia.es\/index.php?rest_route=%2Fwp%2Fv2%2Fmedia&parent=3150"}],"wp:term":[{"taxonomy":"category","embeddable":true,"href":"https:\/\/clubatletismolanucia.es\/index.php?rest_route=%2Fwp%2Fv2%2Fcategories&post=3150"},{"taxonomy":"post_tag","embeddable":true,"href":"https:\/\/clubatletismolanucia.es\/index.php?rest_route=%2Fwp%2Fv2%2Ftags&post=3150"}],"curies":[{"name":"wp","href":"https:\/\/api.w.org\/{rel}","templated":true}]}}