{"id":3251,"date":"2025-05-06T18:01:05","date_gmt":"2025-05-06T17:01:05","guid":{"rendered":"https:\/\/clubatletismolanucia.es\/?p=3251"},"modified":"2025-05-06T18:13:36","modified_gmt":"2025-05-06T17:13:36","slug":"el-club-atletismo-la-nucia-cab-consigue-9-podios-en-la-xli-volta-a-peu-a-pego-2025","status":"publish","type":"post","link":"https:\/\/clubatletismolanucia.es\/?p=3251","title":{"rendered":"El Club Atletismo La Nucia CAB consigue 10 podios en la XLI Volta a Peu a Pego 2025"},"content":{"rendered":"<p>El pasado s\u00e1bado, 3 de mayo, el Club Atletismo La Nucia CAB volvi\u00f3 a firmar una gran actuaci\u00f3n en el Circuit a Peu Marina Alta, participando en la XLI Volta a Peu a Pego \u2013 10K. En una tarde muy animada, con numerosa presencia de familias, atletas y p\u00fablico, los nucieros consiguieron un total de 9 podios en categor\u00edas escolares, destacando tanto por su calidad como por su compromiso en cada prueba.<\/p>\n<p>La jornada reflej\u00f3 el excelente trabajo de base que se desarrolla desde el club, con una gran participaci\u00f3n en categor\u00edas formativas y un alto nivel competitivo.<\/p>\n<p><strong>Resultados destacados<\/strong><\/p>\n<p>Promesa:<br \/>\n3\u00ba Mateo San Jose<\/p>\n<p>Alev\u00edn femenino<br \/>\n1\u00aa Clara Gasc\u00f3n<br \/>\n2\u00aa Yanely Menda\u00f1a<br \/>\n3\u00aa Daniela S\u00e1nchez<br \/>\n4\u00aa Shaden Boulahrouz<br \/>\n8\u00aa Ana Orts Llorens<\/p>\n<p>Alev\u00edn masculino<br \/>\n2\u00ba Luis Compans<br \/>\n3\u00ba Nicol\u00e1s Montoya<br \/>\n8\u00ba Juan Compans<br \/>\n10\u00ba Dani Alc\u00e1zar<\/p>\n<p>Cadete femenino<br \/>\n1\u00aa Aitana Tor<\/p>\n<p>Cadete masculino<br \/>\n2\u00ba Ra\u00fal Bl\u00e1zquez<br \/>\n6\u00ba Noah Rufete<br \/>\n7\u00ba Nain S\u00e1nchez Duro<br \/>\n8\u00ba Manel Igual<\/p>\n<p>Infantil femenino<br \/>\n5\u00aa Kira Krylova<\/p>\n<p>Juvenil masculino<br \/>\n2\u00ba Leo Mart\u00ednez<br \/>\n4\u00ba Mikel Alc\u00e1zar<br \/>\n5\u00ba Shimon Menda\u00f1a<\/p>\n<p>Prebenjam\u00edn femenino<br \/>\n3\u00aa Mar\u00eda L\u00f3pez Herreros<\/p>\n<p>Prebenjam\u00edn masculino<br \/>\n23\u00ba Stepan Krylov<\/p>\n<p><strong>Palabras de Pepe Brotons<\/strong><br \/>\nEl presidente del Club Atletismo La Nucia CAB, Pepe Brotons, quiso felicitar p\u00fablicamente a todos los atletas que participaron en Pego:<br \/>\n\u00abEstos resultados son fruto del esfuerzo continuo que hacen nuestros chicos y chicas en los entrenamientos. Pero m\u00e1s all\u00e1 de los podios, lo que m\u00e1s valoro es la ilusi\u00f3n, el compa\u00f1erismo y la actitud que muestran en cada competici\u00f3n. Enhorabuena a todos por llevar con orgullo el nombre de La Nucia y seguir creciendo como equipo.\u00bb<\/p>\n<p>El club contin\u00faa consolidando su protagonismo dentro del Circuit a Peu Marina Alta, reafirmando su compromiso con el deporte base y la formaci\u00f3n de j\u00f3venes atletas.<\/p>\n","protected":false},"excerpt":{"rendered":"<p>El pasado s\u00e1bado, 3 de mayo, el Club Atletismo La Nucia CAB volvi\u00f3 a firmar una gran actuaci\u00f3n en el [&hellip;]<\/p>\n","protected":false},"author":2,"featured_media":3252,"comment_status":"closed","ping_status":"closed","sticky":false,"template":"","format":"standard","meta":{"site-sidebar-layout":"default","site-content-layout":"","ast-site-content-layout":"default","site-content-style":"default","site-sidebar-style":"default","ast-global-header-display":"","ast-banner-title-visibility":"","ast-main-header-display":"","ast-hfb-above-header-display":"","ast-hfb-below-header-display":"","ast-hfb-mobile-header-display":"","site-post-title":"","ast-breadcrumbs-content":"","ast-featured-img":"","footer-sml-layout":"","ast-disable-related-posts":"","theme-transparent-header-meta":"","adv-header-id-meta":"","stick-header-meta":"","header-above-stick-meta":"","header-main-stick-meta":"","header-below-stick-meta":"","astra-migrate-meta-layouts":"default","ast-page-background-enabled":"default","ast-page-background-meta":{"desktop":{"background-color":"var(--ast-global-color-5)","background-image":"","background-repeat":"repeat","background-position":"center center","background-size":"auto","background-attachment":"scroll","background-type":"","background-media":"","overlay-type":"","overlay-color":"","overlay-opacity":"","overlay-gradient":""},"tablet":{"background-color":"","background-image":"","background-repeat":"repeat","background-position":"center center","background-size":"auto","background-attachment":"scroll","background-type":"","background-media":"","overlay-type":"","overlay-color":"","overlay-opacity":"","overlay-gradient":""},"mobile":{"background-color":"","background-image":"","background-repeat":"repeat","background-position":"center center","background-size":"auto","background-attachment":"scroll","background-type":"","background-media":"","overlay-type":"","overlay-color":"","overlay-opacity":"","overlay-gradient":""}},"ast-content-background-meta":{"desktop":{"background-color":"var(--ast-global-color-4)","background-image":"","background-repeat":"repeat","background-position":"center center","background-size":"auto","background-attachment":"scroll","background-type":"","background-media":"","overlay-type":"","overlay-color":"","overlay-opacity":"","overlay-gradient":""},"tablet":{"background-color":"var(--ast-global-color-4)","background-image":"","background-repeat":"repeat","background-position":"center center","background-size":"auto","background-attachment":"scroll","background-type":"","background-media":"","overlay-type":"","overlay-color":"","overlay-opacity":"","overlay-gradient":""},"mobile":{"background-color":"var(--ast-global-color-4)","background-image":"","background-repeat":"repeat","background-position":"center center","background-size":"auto","background-attachment":"scroll","background-type":"","background-media":"","overlay-type":"","overlay-color":"","overlay-opacity":"","overlay-gradient":""}},"footnotes":""},"categories":[3],"tags":[],"class_list":["post-3251","post","type-post","status-publish","format-standard","has-post-thumbnail","hentry","category-noticias"],"_links":{"self":[{"href":"https:\/\/clubatletismolanucia.es\/index.php?rest_route=\/wp\/v2\/posts\/3251","targetHints":{"allow":["GET"]}}],"collection":[{"href":"https:\/\/clubatletismolanucia.es\/index.php?rest_route=\/wp\/v2\/posts"}],"about":[{"href":"https:\/\/clubatletismolanucia.es\/index.php?rest_route=\/wp\/v2\/types\/post"}],"author":[{"embeddable":true,"href":"https:\/\/clubatletismolanucia.es\/index.php?rest_route=\/wp\/v2\/users\/2"}],"replies":[{"embeddable":true,"href":"https:\/\/clubatletismolanucia.es\/index.php?rest_route=%2Fwp%2Fv2%2Fcomments&post=3251"}],"version-history":[{"count":3,"href":"https:\/\/clubatletismolanucia.es\/index.php?rest_route=\/wp\/v2\/posts\/3251\/revisions"}],"predecessor-version":[{"id":3255,"href":"https:\/\/clubatletismolanucia.es\/index.php?rest_route=\/wp\/v2\/posts\/3251\/revisions\/3255"}],"wp:featuredmedia":[{"embeddable":true,"href":"https:\/\/clubatletismolanucia.es\/index.php?rest_route=\/wp\/v2\/media\/3252"}],"wp:attachment":[{"href":"https:\/\/clubatletismolanucia.es\/index.php?rest_route=%2Fwp%2Fv2%2Fmedia&parent=3251"}],"wp:term":[{"taxonomy":"category","embeddable":true,"href":"https:\/\/clubatletismolanucia.es\/index.php?rest_route=%2Fwp%2Fv2%2Fcategories&post=3251"},{"taxonomy":"post_tag","embeddable":true,"href":"https:\/\/clubatletismolanucia.es\/index.php?rest_route=%2Fwp%2Fv2%2Ftags&post=3251"}],"curies":[{"name":"wp","href":"https:\/\/api.w.org\/{rel}","templated":true}]}}