{"id":826,"date":"2021-11-02T20:49:25","date_gmt":"2021-11-02T19:49:25","guid":{"rendered":"https:\/\/clubatletismolanucia.es\/?p=826"},"modified":"2021-11-02T20:51:37","modified_gmt":"2021-11-02T19:51:37","slug":"primera-toma-de-contacto-con-el-xxxii-cross-de-alcoy","status":"publish","type":"post","link":"https:\/\/clubatletismolanucia.es\/?p=826","title":{"rendered":"Primera toma de contacto con el XXXII Cross de Alcoy"},"content":{"rendered":"<p>El pasado domingo, 31 de Octubre, 7 atletas del <strong>Club Atletismo La Nucia CAB\u00a0<\/strong>compitieron en el <strong>XXXII Cross de Alcoy<\/strong><br \/>\n<strong>Circuito Auton\u00f3mico 2021.\u00a0<\/strong>Este ha sido el primer cross de la temporada 2021\/2022 d\u00f3nde obtuvimos unos resultados muy buenos.<\/p>\n<p>Comenzando por la categor\u00eda menor, tenemos a <strong>Laia Timoner Ripoll<\/strong> que qued\u00f3 trig\u00e9sima en la categor\u00eda SUB 14 corriendo en un circuito de 2380 metros y cruzando la meta en 9:14 min. Despu\u00e9s tenemos a <strong>Lucas Weber Van Duppen<\/strong> y a <strong>Shimon Menda\u00f1a<\/strong>. Los dos pararon el cron\u00f3metro en 10:23 min, quedando uno el d\u00e9cimo cuarto y el otro d\u00e9cimo quinto. Pasando a la categor\u00eda SUB 16, nos encontramos con <strong>Marcos Carri\u00f3n<\/strong>, que corri\u00f3 4180 metros y qued\u00f3 vig\u00e9simo cuarto, cruzando la meta en 16:46 min. Seguidamente <strong>Mag\u00fci Druet Seth Smith<\/strong> de la misma categor\u00eda, qued\u00f3 vig\u00e9sima s\u00e9ptima, parando el crono en 13:59 y recorri\u00f3 3230 metros. Ahora pasamos con <strong>Aar\u00f3n C\u00f3rcoles San Mart\u00edn<\/strong>, de la categor\u00eda SUB 18, que par\u00f3 el crono en 17:39 min, quedando as\u00ed en d\u00e9cimo sexto lugar despu\u00e9s de haber corrido 5030 metros. Finalizando con los resultados, nos topamos con <strong>Ulises \u00c1vila Lluch<\/strong>, de la categor\u00eda Master M, quien ha quedado 1\u00ba en su categor\u00eda despu\u00e9s de haber corrido 5030 metros y haber parado el crono en 15:55 min.<\/p>\n<p>Aar\u00f3n nos ha comentado que esta muy contento con su resultado en el cross de Alcoy ya que ha llevado desde pretemporada con unos entrenamientos de calidad y que, aunque se hab\u00eda encontrado mal el mismo d\u00eda de la competici\u00f3n, no le detuvo para competir.<\/p>\n<p>Nuestra mism\u00edsima <span style=\"text-decoration: underline;\"><strong>ENHORABUENA<\/strong> <\/span>por parte del <strong>Club Atletismo La Nucia CAB<\/strong>, y ahora vamos enfocados todos los atletas del club en el <strong>V Cross de San Juan<\/strong>, que se llevar\u00e1 a cabo el 14 de Noviembre.<\/p>\n<p><img loading=\"lazy\" decoding=\"async\" class=\"alignnone size-medium wp-image-838\" src=\"https:\/\/clubatletismolanucia.es\/wp-content\/uploads\/2021\/11\/IMG-20211101-WA0028-300x225.jpg\" alt=\"\" width=\"300\" height=\"225\" srcset=\"https:\/\/clubatletismolanucia.es\/wp-content\/uploads\/2021\/11\/IMG-20211101-WA0028-300x225.jpg 300w, https:\/\/clubatletismolanucia.es\/wp-content\/uploads\/2021\/11\/IMG-20211101-WA0028-1024x768.jpg 1024w, https:\/\/clubatletismolanucia.es\/wp-content\/uploads\/2021\/11\/IMG-20211101-WA0028-768x576.jpg 768w, https:\/\/clubatletismolanucia.es\/wp-content\/uploads\/2021\/11\/IMG-20211101-WA0028-1536x1152.jpg 1536w, https:\/\/clubatletismolanucia.es\/wp-content\/uploads\/2021\/11\/IMG-20211101-WA0028-800x600.jpg 800w, https:\/\/clubatletismolanucia.es\/wp-content\/uploads\/2021\/11\/IMG-20211101-WA0028.jpg 2016w\" sizes=\"auto, (max-width: 300px) 100vw, 300px\" \/> \u00a0 <img loading=\"lazy\" decoding=\"async\" class=\"alignnone size-medium wp-image-830\" src=\"https:\/\/clubatletismolanucia.es\/wp-content\/uploads\/2021\/11\/IMG-20211101-WA0019-300x225.jpg\" alt=\"\" width=\"300\" height=\"225\" srcset=\"https:\/\/clubatletismolanucia.es\/wp-content\/uploads\/2021\/11\/IMG-20211101-WA0019-300x225.jpg 300w, https:\/\/clubatletismolanucia.es\/wp-content\/uploads\/2021\/11\/IMG-20211101-WA0019-1024x768.jpg 1024w, https:\/\/clubatletismolanucia.es\/wp-content\/uploads\/2021\/11\/IMG-20211101-WA0019-768x576.jpg 768w, https:\/\/clubatletismolanucia.es\/wp-content\/uploads\/2021\/11\/IMG-20211101-WA0019-1536x1152.jpg 1536w, https:\/\/clubatletismolanucia.es\/wp-content\/uploads\/2021\/11\/IMG-20211101-WA0019-800x600.jpg 800w, https:\/\/clubatletismolanucia.es\/wp-content\/uploads\/2021\/11\/IMG-20211101-WA0019.jpg 2016w\" sizes=\"auto, (max-width: 300px) 100vw, 300px\" \/>\u00a0 \u00a0 <img loading=\"lazy\" decoding=\"async\" class=\"alignnone size-medium wp-image-828\" src=\"https:\/\/clubatletismolanucia.es\/wp-content\/uploads\/2021\/11\/IMG-20211101-WA0034-225x300.jpg\" alt=\"\" width=\"225\" height=\"300\" srcset=\"https:\/\/clubatletismolanucia.es\/wp-content\/uploads\/2021\/11\/IMG-20211101-WA0034-225x300.jpg 225w, https:\/\/clubatletismolanucia.es\/wp-content\/uploads\/2021\/11\/IMG-20211101-WA0034-768x1024.jpg 768w, https:\/\/clubatletismolanucia.es\/wp-content\/uploads\/2021\/11\/IMG-20211101-WA0034-1152x1536.jpg 1152w, https:\/\/clubatletismolanucia.es\/wp-content\/uploads\/2021\/11\/IMG-20211101-WA0034-600x800.jpg 600w, https:\/\/clubatletismolanucia.es\/wp-content\/uploads\/2021\/11\/IMG-20211101-WA0034.jpg 1512w\" sizes=\"auto, (max-width: 225px) 100vw, 225px\" \/><\/p>\n<p><img loading=\"lazy\" decoding=\"async\" class=\"alignnone size-medium wp-image-829\" src=\"https:\/\/clubatletismolanucia.es\/wp-content\/uploads\/2021\/11\/IMG-20211101-WA0041-225x300.jpg\" alt=\"\" width=\"225\" height=\"300\" srcset=\"https:\/\/clubatletismolanucia.es\/wp-content\/uploads\/2021\/11\/IMG-20211101-WA0041-225x300.jpg 225w, https:\/\/clubatletismolanucia.es\/wp-content\/uploads\/2021\/11\/IMG-20211101-WA0041-768x1024.jpg 768w, https:\/\/clubatletismolanucia.es\/wp-content\/uploads\/2021\/11\/IMG-20211101-WA0041-1152x1536.jpg 1152w, https:\/\/clubatletismolanucia.es\/wp-content\/uploads\/2021\/11\/IMG-20211101-WA0041-600x800.jpg 600w, https:\/\/clubatletismolanucia.es\/wp-content\/uploads\/2021\/11\/IMG-20211101-WA0041.jpg 1512w\" sizes=\"auto, (max-width: 225px) 100vw, 225px\" \/>\u00a0 \u00a0 <img loading=\"lazy\" decoding=\"async\" class=\"alignnone size-medium wp-image-831\" src=\"https:\/\/clubatletismolanucia.es\/wp-content\/uploads\/2021\/11\/IMG-20211101-WA0025-225x300.jpg\" alt=\"\" width=\"225\" height=\"300\" srcset=\"https:\/\/clubatletismolanucia.es\/wp-content\/uploads\/2021\/11\/IMG-20211101-WA0025-225x300.jpg 225w, https:\/\/clubatletismolanucia.es\/wp-content\/uploads\/2021\/11\/IMG-20211101-WA0025-768x1024.jpg 768w, https:\/\/clubatletismolanucia.es\/wp-content\/uploads\/2021\/11\/IMG-20211101-WA0025-1152x1536.jpg 1152w, https:\/\/clubatletismolanucia.es\/wp-content\/uploads\/2021\/11\/IMG-20211101-WA0025-600x800.jpg 600w, https:\/\/clubatletismolanucia.es\/wp-content\/uploads\/2021\/11\/IMG-20211101-WA0025.jpg 1512w\" sizes=\"auto, (max-width: 225px) 100vw, 225px\" \/><\/p>\n","protected":false},"excerpt":{"rendered":"<p>El pasado domingo, 31 de Octubre, 7 atletas del Club Atletismo La Nucia CAB\u00a0compitieron en el XXXII Cross de Alcoy [&hellip;]<\/p>\n","protected":false},"author":2,"featured_media":825,"comment_status":"open","ping_status":"open","sticky":false,"template":"","format":"standard","meta":{"site-sidebar-layout":"default","site-content-layout":"","ast-site-content-layout":"default","site-content-style":"default","site-sidebar-style":"default","ast-global-header-display":"","ast-banner-title-visibility":"","ast-main-header-display":"","ast-hfb-above-header-display":"","ast-hfb-below-header-display":"","ast-hfb-mobile-header-display":"","site-post-title":"","ast-breadcrumbs-content":"","ast-featured-img":"","footer-sml-layout":"","ast-disable-related-posts":"","theme-transparent-header-meta":"","adv-header-id-meta":"","stick-header-meta":"","header-above-stick-meta":"","header-main-stick-meta":"","header-below-stick-meta":"","astra-migrate-meta-layouts":"default","ast-page-background-enabled":"default","ast-page-background-meta":{"desktop":{"background-color":"var(--ast-global-color-5)","background-image":"","background-repeat":"repeat","background-position":"center center","background-size":"auto","background-attachment":"scroll","background-type":"","background-media":"","overlay-type":"","overlay-color":"","overlay-opacity":"","overlay-gradient":""},"tablet":{"background-color":"","background-image":"","background-repeat":"repeat","background-position":"center center","background-size":"auto","background-attachment":"scroll","background-type":"","background-media":"","overlay-type":"","overlay-color":"","overlay-opacity":"","overlay-gradient":""},"mobile":{"background-color":"","background-image":"","background-repeat":"repeat","background-position":"center center","background-size":"auto","background-attachment":"scroll","background-type":"","background-media":"","overlay-type":"","overlay-color":"","overlay-opacity":"","overlay-gradient":""}},"ast-content-background-meta":{"desktop":{"background-color":"var(--ast-global-color-4)","background-image":"","background-repeat":"repeat","background-position":"center center","background-size":"auto","background-attachment":"scroll","background-type":"","background-media":"","overlay-type":"","overlay-color":"","overlay-opacity":"","overlay-gradient":""},"tablet":{"background-color":"var(--ast-global-color-4)","background-image":"","background-repeat":"repeat","background-position":"center center","background-size":"auto","background-attachment":"scroll","background-type":"","background-media":"","overlay-type":"","overlay-color":"","overlay-opacity":"","overlay-gradient":""},"mobile":{"background-color":"var(--ast-global-color-4)","background-image":"","background-repeat":"repeat","background-position":"center center","background-size":"auto","background-attachment":"scroll","background-type":"","background-media":"","overlay-type":"","overlay-color":"","overlay-opacity":"","overlay-gradient":""}},"footnotes":""},"categories":[3],"tags":[],"class_list":["post-826","post","type-post","status-publish","format-standard","has-post-thumbnail","hentry","category-noticias"],"_links":{"self":[{"href":"https:\/\/clubatletismolanucia.es\/index.php?rest_route=\/wp\/v2\/posts\/826","targetHints":{"allow":["GET"]}}],"collection":[{"href":"https:\/\/clubatletismolanucia.es\/index.php?rest_route=\/wp\/v2\/posts"}],"about":[{"href":"https:\/\/clubatletismolanucia.es\/index.php?rest_route=\/wp\/v2\/types\/post"}],"author":[{"embeddable":true,"href":"https:\/\/clubatletismolanucia.es\/index.php?rest_route=\/wp\/v2\/users\/2"}],"replies":[{"embeddable":true,"href":"https:\/\/clubatletismolanucia.es\/index.php?rest_route=%2Fwp%2Fv2%2Fcomments&post=826"}],"version-history":[{"count":5,"href":"https:\/\/clubatletismolanucia.es\/index.php?rest_route=\/wp\/v2\/posts\/826\/revisions"}],"predecessor-version":[{"id":840,"href":"https:\/\/clubatletismolanucia.es\/index.php?rest_route=\/wp\/v2\/posts\/826\/revisions\/840"}],"wp:featuredmedia":[{"embeddable":true,"href":"https:\/\/clubatletismolanucia.es\/index.php?rest_route=\/wp\/v2\/media\/825"}],"wp:attachment":[{"href":"https:\/\/clubatletismolanucia.es\/index.php?rest_route=%2Fwp%2Fv2%2Fmedia&parent=826"}],"wp:term":[{"taxonomy":"category","embeddable":true,"href":"https:\/\/clubatletismolanucia.es\/index.php?rest_route=%2Fwp%2Fv2%2Fcategories&post=826"},{"taxonomy":"post_tag","embeddable":true,"href":"https:\/\/clubatletismolanucia.es\/index.php?rest_route=%2Fwp%2Fv2%2Ftags&post=826"}],"curies":[{"name":"wp","href":"https:\/\/api.w.org\/{rel}","templated":true}]}}